{"id":10615,"date":"2022-03-01T11:50:53","date_gmt":"2022-03-01T10:50:53","guid":{"rendered":"https:\/\/lo6.szczecin.pl\/?p=10615"},"modified":"2022-03-01T11:50:53","modified_gmt":"2022-03-01T10:50:53","slug":"solidarni-z-ukraina","status":"publish","type":"post","link":"https:\/\/lo6.szczecin.pl\/index.php\/2022\/03\/01\/solidarni-z-ukraina\/","title":{"rendered":"Solidarni z Ukrain\u0105"},"content":{"rendered":"<p>Droga Spo\u0142eczno\u015bci Sz\u00f3stki, ukrai\u0144scy Uczniowie, Kole\u017canki i Koledzy ze szkolnej \u0142awki.<\/p>\n<p>Pami\u0119tajcie, \u017ce w tych trudnych chwilach jeste\u015bmy z Wami my\u015blami oraz postaramy si\u0119 Was wspiera\u0107 i pomaga\u0107.<\/p>\n<p>Je\u015bli tylko b\u0119dzie tego potrzebowali, to dajcie nam zna\u0107. S\u0142u\u017cymy rozmow\u0105, dobrym s\u0142owem, ale je\u015bli potrzebujecie czego\u015b wi\u0119cej nie b\u00f3jcie si\u0119 o tym powiedzie\u0107. Sercem jeste\u015bmy przy Was.<\/p>\n<p>Organizujemy r\u00f3wnie\u017c zbi\u00f3rki najpotrzebniejszych obecnie artyku\u0142\u00f3w, we wsp\u00f3\u0142pracy ze <span class=\"d2edcug0 hpfvmrgz qv66sw1b c1et5uql lr9zc1uh a8c37x1j fe6kdd0r mau55g9w c8b282yb keod5gw0 nxhoafnm aigsh9s9 embtmqzv hrzyx87i m6dqt4wy h7mekvxk hnhda86s oo9gr5id hzawbc8m\" dir=\"auto\">Zwi\u0105zkiem Ukrai\u0144c\u00f3w w Polsce (oddzia\u0142 w Szczecinie, przy ul. Mickiewicza 45).<br \/>\n<\/span><\/p>\n<p>&nbsp;<\/p>\n<p><img loading=\"lazy\" decoding=\"async\" class=\"aligncenter size-full wp-image-10616\" src=\"https:\/\/lo6.szczecin.pl\/wp-content\/uploads\/2022\/03\/image0.jpeg\" alt=\"\" width=\"480\" height=\"640\" srcset=\"https:\/\/lo6.szczecin.pl\/wp-content\/uploads\/2022\/03\/image0.jpeg 480w, https:\/\/lo6.szczecin.pl\/wp-content\/uploads\/2022\/03\/image0-225x300.jpeg 225w, https:\/\/lo6.szczecin.pl\/wp-content\/uploads\/2022\/03\/image0-400x533.jpeg 400w, https:\/\/lo6.szczecin.pl\/wp-content\/uploads\/2022\/03\/image0-300x400.jpeg 300w\" sizes=\"auto, (max-width: 480px) 100vw, 480px\" \/><\/p>\n","protected":false},"excerpt":{"rendered":"<p>Droga Spo\u0142eczno\u015bci Sz\u00f3stki, ukrai\u0144scy Uczniowie, Kole\u017canki i Koledzy ze szkolnej \u0142awki. Pami\u0119tajcie, \u017ce w tych trudnych chwilach jeste\u015bmy z Wami my\u015blami oraz postaramy si\u0119 Was wspiera\u0107 i pomaga\u0107. Je\u015bli tylko b\u0119dzie tego potrzebowali, to dajcie nam zna\u0107. S\u0142u\u017cymy rozmow\u0105, dobrym s\u0142owem, ale je\u015bli potrzebujecie czego\u015b wi\u0119cej nie b\u00f3jcie si\u0119 o tym powiedzie\u0107. Sercem jeste\u015bmy przy&#8230;<\/p>\n","protected":false},"author":4,"featured_media":10617,"comment_status":"closed","ping_status":"closed","sticky":false,"template":"","format":"standard","meta":{"_acf_changed":false,"_s2mail":"","footnotes":""},"categories":[1],"tags":[],"class_list":["post-10615","post","type-post","status-publish","format-standard","has-post-thumbnail","hentry","category-bez-kategorii"],"acf":[],"_links":{"self":[{"href":"https:\/\/lo6.szczecin.pl\/index.php\/wp-json\/wp\/v2\/posts\/10615","targetHints":{"allow":["GET"]}}],"collection":[{"href":"https:\/\/lo6.szczecin.pl\/index.php\/wp-json\/wp\/v2\/posts"}],"about":[{"href":"https:\/\/lo6.szczecin.pl\/index.php\/wp-json\/wp\/v2\/types\/post"}],"author":[{"embeddable":true,"href":"https:\/\/lo6.szczecin.pl\/index.php\/wp-json\/wp\/v2\/users\/4"}],"replies":[{"embeddable":true,"href":"https:\/\/lo6.szczecin.pl\/index.php\/wp-json\/wp\/v2\/comments?post=10615"}],"version-history":[{"count":1,"href":"https:\/\/lo6.szczecin.pl\/index.php\/wp-json\/wp\/v2\/posts\/10615\/revisions"}],"predecessor-version":[{"id":10618,"href":"https:\/\/lo6.szczecin.pl\/index.php\/wp-json\/wp\/v2\/posts\/10615\/revisions\/10618"}],"wp:featuredmedia":[{"embeddable":true,"href":"https:\/\/lo6.szczecin.pl\/index.php\/wp-json\/wp\/v2\/media\/10617"}],"wp:attachment":[{"href":"https:\/\/lo6.szczecin.pl\/index.php\/wp-json\/wp\/v2\/media?parent=10615"}],"wp:term":[{"taxonomy":"category","embeddable":true,"href":"https:\/\/lo6.szczecin.pl\/index.php\/wp-json\/wp\/v2\/categories?post=10615"},{"taxonomy":"post_tag","embeddable":true,"href":"https:\/\/lo6.szczecin.pl\/index.php\/wp-json\/wp\/v2\/tags?post=10615"}],"curies":[{"name":"wp","href":"https:\/\/api.w.org\/{rel}","templated":true}]}}