{"id":10540,"date":"2022-01-31T15:09:25","date_gmt":"2022-01-31T14:09:25","guid":{"rendered":"https:\/\/lo6.szczecin.pl\/?p=10540"},"modified":"2022-02-01T10:47:05","modified_gmt":"2022-02-01T09:47:05","slug":"ostatnie-pozegnanie","status":"publish","type":"post","link":"https:\/\/lo6.szczecin.pl\/index.php\/2022\/01\/31\/ostatnie-pozegnanie\/","title":{"rendered":"Ostatnie po\u017cegnanie"},"content":{"rendered":"<p style=\"padding-left: 40px;\"><img loading=\"lazy\" decoding=\"async\" class=\"aligncenter wp-image-10545 size-large\" src=\"https:\/\/lo6.szczecin.pl\/wp-content\/uploads\/2022\/01\/ZS1-1024x579.png\" alt=\"\" width=\"1024\" height=\"579\" srcset=\"https:\/\/lo6.szczecin.pl\/wp-content\/uploads\/2022\/01\/ZS1-1024x579.png 1024w, https:\/\/lo6.szczecin.pl\/wp-content\/uploads\/2022\/01\/ZS1-300x170.png 300w, https:\/\/lo6.szczecin.pl\/wp-content\/uploads\/2022\/01\/ZS1-768x434.png 768w, https:\/\/lo6.szczecin.pl\/wp-content\/uploads\/2022\/01\/ZS1.png 1342w\" sizes=\"auto, (max-width: 1024px) 100vw, 1024px\" \/><\/p>\n<p style=\"padding-left: 40px; text-align: center;\">Uroczysto\u015b\u0107 ostatniego po\u017cegnania odb\u0119dzie si\u0119 w najbli\u017cszy pi\u0105tek 4 lutego 2022 r.<br \/>\no godz. 8:30 w kaplicy g\u0142\u00f3wnej Cmentarza Centralnego.<\/p>\n","protected":false},"excerpt":{"rendered":"<p>Uroczysto\u015b\u0107 ostatniego po\u017cegnania odb\u0119dzie si\u0119 w najbli\u017cszy pi\u0105tek 4 lutego 2022 r. o godz. 8:30 w kaplicy g\u0142\u00f3wnej Cmentarza Centralnego.<\/p>\n","protected":false},"author":4,"featured_media":0,"comment_status":"closed","ping_status":"closed","sticky":false,"template":"","format":"video","meta":{"_acf_changed":false,"_s2mail":"","footnotes":""},"categories":[1],"tags":[],"class_list":["post-10540","post","type-post","status-publish","format-video","hentry","category-bez-kategorii","post_format-post-format-video"],"acf":[],"_links":{"self":[{"href":"https:\/\/lo6.szczecin.pl\/index.php\/wp-json\/wp\/v2\/posts\/10540","targetHints":{"allow":["GET"]}}],"collection":[{"href":"https:\/\/lo6.szczecin.pl\/index.php\/wp-json\/wp\/v2\/posts"}],"about":[{"href":"https:\/\/lo6.szczecin.pl\/index.php\/wp-json\/wp\/v2\/types\/post"}],"author":[{"embeddable":true,"href":"https:\/\/lo6.szczecin.pl\/index.php\/wp-json\/wp\/v2\/users\/4"}],"replies":[{"embeddable":true,"href":"https:\/\/lo6.szczecin.pl\/index.php\/wp-json\/wp\/v2\/comments?post=10540"}],"version-history":[{"count":3,"href":"https:\/\/lo6.szczecin.pl\/index.php\/wp-json\/wp\/v2\/posts\/10540\/revisions"}],"predecessor-version":[{"id":10546,"href":"https:\/\/lo6.szczecin.pl\/index.php\/wp-json\/wp\/v2\/posts\/10540\/revisions\/10546"}],"wp:attachment":[{"href":"https:\/\/lo6.szczecin.pl\/index.php\/wp-json\/wp\/v2\/media?parent=10540"}],"wp:term":[{"taxonomy":"category","embeddable":true,"href":"https:\/\/lo6.szczecin.pl\/index.php\/wp-json\/wp\/v2\/categories?post=10540"},{"taxonomy":"post_tag","embeddable":true,"href":"https:\/\/lo6.szczecin.pl\/index.php\/wp-json\/wp\/v2\/tags?post=10540"}],"curies":[{"name":"wp","href":"https:\/\/api.w.org\/{rel}","templated":true}]}}