{"id":10524,"date":"2022-01-13T09:46:55","date_gmt":"2022-01-13T08:46:55","guid":{"rendered":"https:\/\/lo6.szczecin.pl\/?p=10524"},"modified":"2022-01-17T09:49:49","modified_gmt":"2022-01-17T08:49:49","slug":"srebrna-szkola-perspektyw-2022","status":"publish","type":"post","link":"https:\/\/lo6.szczecin.pl\/index.php\/2022\/01\/13\/srebrna-szkola-perspektyw-2022\/","title":{"rendered":"Srebrna Szko\u0142a Perspektyw 2022"},"content":{"rendered":"<p style=\"padding-left: 40px;\">Mi\u0142o nam poinformowa\u0107, \u017ce kolejny rok z rz\u0119du znajdujemy si\u0119 w czo\u0142\u00f3wce Rankingu Szk\u00f3\u0142 Perspektywy 2022.<\/p>\n<p style=\"padding-left: 40px;\">Fundacja Edukacyjna\u00a0<i>Perspektywy<\/i>\u00a0potwierdza, \u017ce\u00a0<strong>VI\u00a0Liceum Og\u00f3lnokszta\u0142c\u0105ce im.\u00a0Stefana Czarnieckiego w\u00a0Szczecinie jest w\u015br\u00f3d najlepszych lice\u00f3w w\u00a0Polsce<\/strong>\u00a0sklasyfikowanych w Rankingu Szk\u00f3\u0142 Ponadgimnazjalnych PERSPEKTYWY 2022 i przys\u0142uguje mu tytu\u0142\u00a0<strong><i>Srebrnej Szko\u0142y 2022<\/i>.<\/strong><\/p>\n","protected":false},"excerpt":{"rendered":"<p>Mi\u0142o nam poinformowa\u0107, \u017ce kolejny rok z rz\u0119du znajdujemy si\u0119 w czo\u0142\u00f3wce Rankingu Szk\u00f3\u0142 Perspektywy 2022. Fundacja Edukacyjna\u00a0Perspektywy\u00a0potwierdza, \u017ce\u00a0VI\u00a0Liceum Og\u00f3lnokszta\u0142c\u0105ce im.\u00a0Stefana Czarnieckiego w\u00a0Szczecinie jest w\u015br\u00f3d najlepszych lice\u00f3w w\u00a0Polsce\u00a0sklasyfikowanych w Rankingu Szk\u00f3\u0142 Ponadgimnazjalnych PERSPEKTYWY 2022 i przys\u0142uguje mu tytu\u0142\u00a0Srebrnej Szko\u0142y 2022.<\/p>\n","protected":false},"author":4,"featured_media":10520,"comment_status":"closed","ping_status":"closed","sticky":false,"template":"","format":"standard","meta":{"_acf_changed":false,"_s2mail":"","footnotes":""},"categories":[1],"tags":[],"class_list":["post-10524","post","type-post","status-publish","format-standard","has-post-thumbnail","hentry","category-bez-kategorii"],"acf":[],"_links":{"self":[{"href":"https:\/\/lo6.szczecin.pl\/index.php\/wp-json\/wp\/v2\/posts\/10524","targetHints":{"allow":["GET"]}}],"collection":[{"href":"https:\/\/lo6.szczecin.pl\/index.php\/wp-json\/wp\/v2\/posts"}],"about":[{"href":"https:\/\/lo6.szczecin.pl\/index.php\/wp-json\/wp\/v2\/types\/post"}],"author":[{"embeddable":true,"href":"https:\/\/lo6.szczecin.pl\/index.php\/wp-json\/wp\/v2\/users\/4"}],"replies":[{"embeddable":true,"href":"https:\/\/lo6.szczecin.pl\/index.php\/wp-json\/wp\/v2\/comments?post=10524"}],"version-history":[{"count":1,"href":"https:\/\/lo6.szczecin.pl\/index.php\/wp-json\/wp\/v2\/posts\/10524\/revisions"}],"predecessor-version":[{"id":10525,"href":"https:\/\/lo6.szczecin.pl\/index.php\/wp-json\/wp\/v2\/posts\/10524\/revisions\/10525"}],"wp:featuredmedia":[{"embeddable":true,"href":"https:\/\/lo6.szczecin.pl\/index.php\/wp-json\/wp\/v2\/media\/10520"}],"wp:attachment":[{"href":"https:\/\/lo6.szczecin.pl\/index.php\/wp-json\/wp\/v2\/media?parent=10524"}],"wp:term":[{"taxonomy":"category","embeddable":true,"href":"https:\/\/lo6.szczecin.pl\/index.php\/wp-json\/wp\/v2\/categories?post=10524"},{"taxonomy":"post_tag","embeddable":true,"href":"https:\/\/lo6.szczecin.pl\/index.php\/wp-json\/wp\/v2\/tags?post=10524"}],"curies":[{"name":"wp","href":"https:\/\/api.w.org\/{rel}","templated":true}]}}