{"id":10522,"date":"2022-01-17T09:46:25","date_gmt":"2022-01-17T08:46:25","guid":{"rendered":"https:\/\/lo6.szczecin.pl\/?p=10522"},"modified":"2022-01-17T09:46:25","modified_gmt":"2022-01-17T08:46:25","slug":"zebrania-z-rodzicami-24","status":"publish","type":"post","link":"https:\/\/lo6.szczecin.pl\/index.php\/2022\/01\/17\/zebrania-z-rodzicami-24\/","title":{"rendered":"Zebrania z Rodzicami"},"content":{"rendered":"<p style=\"padding-left: 40px;\">Dnia 20 stycznia 2022 r. w czwartek odb\u0119d\u0105 si\u0119:<\/p>\n<ol>\n<li style=\"list-style-type: none;\">\n<ol>\n<li><strong>Zebrania z rodzicami uczni\u00f3w kl. I i II\u00a0 ? godz. 17.00 <\/strong><\/li>\n<li><strong>Zebrania z rodzicami uczni\u00f3w kl. III ? godz. 18.00 <\/strong><\/li>\n<\/ol>\n<\/li>\n<\/ol>\n<p style=\"padding-left: 40px;\">Tematyka zebra\u0144 jest zwi\u0105zana z podsumowaniem pracy w I semestrze roku szkolnego 2021\/2022.<\/p>\n<p style=\"padding-left: 40px;\"><strong>Konsultacje indywidualne dla rodzic\u00f3w ? wszyscy nauczyciele w godz. 17.00 ? 19.00<\/strong><\/p>\n<p style=\"padding-left: 40px;\">ZEBRANIA i KONSULTACJE W FORMIE ZDALNEJ &#8211; Zapraszamy.<\/p>\n","protected":false},"excerpt":{"rendered":"<p>Dnia 20 stycznia 2022 r. w czwartek odb\u0119d\u0105 si\u0119: Zebrania z rodzicami uczni\u00f3w kl. I i II\u00a0 ? godz. 17.00 Zebrania z rodzicami uczni\u00f3w kl. III ? godz. 18.00 Tematyka zebra\u0144 jest zwi\u0105zana z podsumowaniem pracy w I semestrze roku szkolnego 2021\/2022. Konsultacje indywidualne dla rodzic\u00f3w ? wszyscy nauczyciele w godz. 17.00 ? 19.00 ZEBRANIA&#8230;<\/p>\n","protected":false},"author":4,"featured_media":0,"comment_status":"closed","ping_status":"closed","sticky":false,"template":"","format":"standard","meta":{"_acf_changed":false,"_s2mail":"","footnotes":""},"categories":[1],"tags":[],"class_list":["post-10522","post","type-post","status-publish","format-standard","hentry","category-bez-kategorii"],"acf":[],"_links":{"self":[{"href":"https:\/\/lo6.szczecin.pl\/index.php\/wp-json\/wp\/v2\/posts\/10522","targetHints":{"allow":["GET"]}}],"collection":[{"href":"https:\/\/lo6.szczecin.pl\/index.php\/wp-json\/wp\/v2\/posts"}],"about":[{"href":"https:\/\/lo6.szczecin.pl\/index.php\/wp-json\/wp\/v2\/types\/post"}],"author":[{"embeddable":true,"href":"https:\/\/lo6.szczecin.pl\/index.php\/wp-json\/wp\/v2\/users\/4"}],"replies":[{"embeddable":true,"href":"https:\/\/lo6.szczecin.pl\/index.php\/wp-json\/wp\/v2\/comments?post=10522"}],"version-history":[{"count":1,"href":"https:\/\/lo6.szczecin.pl\/index.php\/wp-json\/wp\/v2\/posts\/10522\/revisions"}],"predecessor-version":[{"id":10523,"href":"https:\/\/lo6.szczecin.pl\/index.php\/wp-json\/wp\/v2\/posts\/10522\/revisions\/10523"}],"wp:attachment":[{"href":"https:\/\/lo6.szczecin.pl\/index.php\/wp-json\/wp\/v2\/media?parent=10522"}],"wp:term":[{"taxonomy":"category","embeddable":true,"href":"https:\/\/lo6.szczecin.pl\/index.php\/wp-json\/wp\/v2\/categories?post=10522"},{"taxonomy":"post_tag","embeddable":true,"href":"https:\/\/lo6.szczecin.pl\/index.php\/wp-json\/wp\/v2\/tags?post=10522"}],"curies":[{"name":"wp","href":"https:\/\/api.w.org\/{rel}","templated":true}]}}