{"id":10497,"date":"2021-12-01T10:20:39","date_gmt":"2021-12-01T09:20:39","guid":{"rendered":"https:\/\/lo6.szczecin.pl\/?p=10497"},"modified":"2021-12-20T10:23:19","modified_gmt":"2021-12-20T09:23:19","slug":"xu-2021","status":"publish","type":"post","link":"https:\/\/lo6.szczecin.pl\/index.php\/2021\/12\/01\/xu-2021\/","title":{"rendered":"XU 2021"},"content":{"rendered":"<p style=\"padding-left: 40px;\">Hej!<\/p>\n<p style=\"padding-left: 40px;\">Jako Rada Pi\u0119ciu brali\u015bmy udzia\u0142 w tegorocznej interdyscyplinarnej konferencji samorz\u0105d\u00f3w uczniowskich XU.<\/p>\n<p style=\"padding-left: 40px;\">Tematem projektu XU w tym roku by\u0142y dni otwarte w szko\u0142ach o charakterze uniwersalnym.<\/p>\n<p style=\"padding-left: 40px;\">Julia Bykowska nale\u017ca\u0142a do #TEAMSZULARZ<br \/>\n&#8211; Nasz projekt &#8220;otw\u00f3rz si\u0119 na nowo!&#8221; mia\u0142 za zadanie zach\u0119ci\u0107 i wyr\u00f3\u017cni\u0107 dana plac\u00f3wk\u0119 od innych. Nasz projekt przedstawia\u0142 wiele form, kt\u00f3re b\u0119d\u0105 najbardziej praktyczne oraz przyci\u0105gaj\u0105ce. Stworzyli\u015bmy w\u0142asne przyk\u0142adowe logo, stron\u0119 internetowa, plakaty oraz karty do gry. Projekt musia\u0142 by\u0107 uniwersalny do ka\u017cdego typu szko\u0142y. Zadanie nam si\u0119 uda\u0142o i zaj\u0119li\u015bmy 1 miejsce.<\/p>\n<p style=\"padding-left: 40px;\">Nikodem Furma\u0144czyk nale\u017ca\u0142 do #TEAMSZWEC<br \/>\n&#8211; Stworzenie projektu &#8220;Let&#8217;s Meet&#8221; kt\u00f3ry umo\u017cliwia\u0142 ka\u017cdej Szkole znale\u017a\u0107 r\u00f3\u017cne alternatywy do tworzenia oraz rozg\u0142aszania informacji o dniu otwartym.<br \/>\n#TeamSzwec zadba\u0142 o to aby szko\u0142y o r\u00f3\u017cnej wielko\u015bci, bud\u017cecie czy umiejscowieniu mia\u0142y takie same szanse. Zar\u00f3wno zdalnie jak i stacjonarnie, ka\u017cdy pomys\u0142 jest cz\u0119\u015bci\u0105 wielkiego dnia otwartego, a ka\u017cda szko\u0142a mo\u017ce wybra\u0107 poszczeg\u00f3lne segmenty odpowiadaj\u0105ce upodobaniom organizator\u00f3w.<\/p>\n<p style=\"padding-left: 40px;\">Eryk Sawera zosta\u0142 wybrany team leaderem w tej edycji\u00a0 #TEAMSAWERA<br \/>\nUcze\u0144 dumnie reprezentowa\u0142 nasz\u0105 szko\u0142\u0119 i jego dru\u017cynie uda\u0142o si\u0119 zaj\u0105\u0107 5 miejsce.<\/p>\n<p style=\"padding-left: 40px;\">Pozdrawiamy serdecznie.<\/p>\n","protected":false},"excerpt":{"rendered":"<p>Hej! Jako Rada Pi\u0119ciu brali\u015bmy udzia\u0142 w tegorocznej interdyscyplinarnej konferencji samorz\u0105d\u00f3w uczniowskich XU. Tematem projektu XU w tym roku by\u0142y dni otwarte w szko\u0142ach o charakterze uniwersalnym. Julia Bykowska nale\u017ca\u0142a do #TEAMSZULARZ &#8211; Nasz projekt &#8220;otw\u00f3rz si\u0119 na nowo!&#8221; mia\u0142 za zadanie zach\u0119ci\u0107 i wyr\u00f3\u017cni\u0107 dana plac\u00f3wk\u0119 od innych. Nasz projekt przedstawia\u0142 wiele form, kt\u00f3re&#8230;<\/p>\n","protected":false},"author":4,"featured_media":10500,"comment_status":"closed","ping_status":"closed","sticky":false,"template":"","format":"gallery","meta":{"_acf_changed":false,"_s2mail":"","footnotes":""},"categories":[1,365],"tags":[],"class_list":["post-10497","post","type-post","status-publish","format-gallery","has-post-thumbnail","hentry","category-bez-kategorii","category-galeria","post_format-post-format-gallery"],"acf":[],"_links":{"self":[{"href":"https:\/\/lo6.szczecin.pl\/index.php\/wp-json\/wp\/v2\/posts\/10497","targetHints":{"allow":["GET"]}}],"collection":[{"href":"https:\/\/lo6.szczecin.pl\/index.php\/wp-json\/wp\/v2\/posts"}],"about":[{"href":"https:\/\/lo6.szczecin.pl\/index.php\/wp-json\/wp\/v2\/types\/post"}],"author":[{"embeddable":true,"href":"https:\/\/lo6.szczecin.pl\/index.php\/wp-json\/wp\/v2\/users\/4"}],"replies":[{"embeddable":true,"href":"https:\/\/lo6.szczecin.pl\/index.php\/wp-json\/wp\/v2\/comments?post=10497"}],"version-history":[{"count":3,"href":"https:\/\/lo6.szczecin.pl\/index.php\/wp-json\/wp\/v2\/posts\/10497\/revisions"}],"predecessor-version":[{"id":10503,"href":"https:\/\/lo6.szczecin.pl\/index.php\/wp-json\/wp\/v2\/posts\/10497\/revisions\/10503"}],"wp:featuredmedia":[{"embeddable":true,"href":"https:\/\/lo6.szczecin.pl\/index.php\/wp-json\/wp\/v2\/media\/10500"}],"wp:attachment":[{"href":"https:\/\/lo6.szczecin.pl\/index.php\/wp-json\/wp\/v2\/media?parent=10497"}],"wp:term":[{"taxonomy":"category","embeddable":true,"href":"https:\/\/lo6.szczecin.pl\/index.php\/wp-json\/wp\/v2\/categories?post=10497"},{"taxonomy":"post_tag","embeddable":true,"href":"https:\/\/lo6.szczecin.pl\/index.php\/wp-json\/wp\/v2\/tags?post=10497"}],"curies":[{"name":"wp","href":"https:\/\/api.w.org\/{rel}","templated":true}]}}