{"id":10485,"date":"2021-12-09T12:07:55","date_gmt":"2021-12-09T11:07:55","guid":{"rendered":"https:\/\/lo6.szczecin.pl\/?p=10485"},"modified":"2021-12-10T13:20:38","modified_gmt":"2021-12-10T12:20:38","slug":"fundacje-zwierzogrod-w-vi-lo","status":"publish","type":"post","link":"https:\/\/lo6.szczecin.pl\/index.php\/2021\/12\/09\/fundacje-zwierzogrod-w-vi-lo\/","title":{"rendered":"Fundacj\u0119 Zwierzogr\u00f3d w VI LO"},"content":{"rendered":"<p style=\"padding-left: 40px;\">Dzisiaj tj. 09.12.2021 r. w naszej szkole go\u015bcili\u015bmy Fundacj\u0119 Zwierzogr\u00f3d z dwoma podopiecznymi &#8211; skunksa i szopa pracza. Zaj\u0119cia dla klas pierwszych mia\u0142y na celu zapoznanie si\u0119 uczni\u00f3w z wybranymi szkodnikami lasu. Opr\u00f3cz teoretycznej cz\u0119\u015bci zaj\u0119\u0107 mo\u017cna by\u0142o pog\u0142aska\u0107 i nakarmi\u0107 te \u015bliczne zwierz\u0105tka.\u00a0 Emocji by\u0142o wiele &#8230;<\/p>\n<p style=\"padding-left: 40px;\">O fundacji w <a href=\"https:\/\/szczecinskie24.pl\/szczecin-fundacja-zwierzogrod-zaopiekuje-sie-dzikimi-zwierzetami\/#:~:text=Szczecin%3A%20Fundacja%20Zwierzogr%C3%B3d%20zaopiekuje%20si%C4%99%20dzikimi%20zwierz%C4%99tami%20O%C5%9Brodek,si%C4%99%20woliery%20dla%20zwierz%C4%85t%20z%20podzia%C5%82em%20na%20gatunki.\">lokalnych mediach szczecinskie24.pl<\/a> <a href=\"https:\/\/gs24.pl\/szczecinski-zwierzogrod-zadba-o-dzikie-zwierzeta-osrodek-rehabilitacji-ma-nowego-opiekuna\/ar\/c1-15794856\">GS<\/a><\/p>\n","protected":false},"excerpt":{"rendered":"<p>Dzisiaj tj. 09.12.2021 r. w naszej szkole go\u015bcili\u015bmy Fundacj\u0119 Zwierzogr\u00f3d z dwoma podopiecznymi &#8211; skunksa i szopa pracza. Zaj\u0119cia dla klas pierwszych mia\u0142y na celu zapoznanie si\u0119 uczni\u00f3w z wybranymi szkodnikami lasu. Opr\u00f3cz teoretycznej cz\u0119\u015bci zaj\u0119\u0107 mo\u017cna by\u0142o pog\u0142aska\u0107 i nakarmi\u0107 te \u015bliczne zwierz\u0105tka.\u00a0 Emocji by\u0142o wiele &#8230; O fundacji w lokalnych mediach szczecinskie24.pl GS<\/p>\n","protected":false},"author":4,"featured_media":10490,"comment_status":"closed","ping_status":"closed","sticky":false,"template":"","format":"gallery","meta":{"_acf_changed":false,"_s2mail":"","footnotes":""},"categories":[365],"tags":[],"class_list":["post-10485","post","type-post","status-publish","format-gallery","has-post-thumbnail","hentry","category-galeria","post_format-post-format-gallery"],"acf":[],"_links":{"self":[{"href":"https:\/\/lo6.szczecin.pl\/index.php\/wp-json\/wp\/v2\/posts\/10485","targetHints":{"allow":["GET"]}}],"collection":[{"href":"https:\/\/lo6.szczecin.pl\/index.php\/wp-json\/wp\/v2\/posts"}],"about":[{"href":"https:\/\/lo6.szczecin.pl\/index.php\/wp-json\/wp\/v2\/types\/post"}],"author":[{"embeddable":true,"href":"https:\/\/lo6.szczecin.pl\/index.php\/wp-json\/wp\/v2\/users\/4"}],"replies":[{"embeddable":true,"href":"https:\/\/lo6.szczecin.pl\/index.php\/wp-json\/wp\/v2\/comments?post=10485"}],"version-history":[{"count":2,"href":"https:\/\/lo6.szczecin.pl\/index.php\/wp-json\/wp\/v2\/posts\/10485\/revisions"}],"predecessor-version":[{"id":10492,"href":"https:\/\/lo6.szczecin.pl\/index.php\/wp-json\/wp\/v2\/posts\/10485\/revisions\/10492"}],"wp:featuredmedia":[{"embeddable":true,"href":"https:\/\/lo6.szczecin.pl\/index.php\/wp-json\/wp\/v2\/media\/10490"}],"wp:attachment":[{"href":"https:\/\/lo6.szczecin.pl\/index.php\/wp-json\/wp\/v2\/media?parent=10485"}],"wp:term":[{"taxonomy":"category","embeddable":true,"href":"https:\/\/lo6.szczecin.pl\/index.php\/wp-json\/wp\/v2\/categories?post=10485"},{"taxonomy":"post_tag","embeddable":true,"href":"https:\/\/lo6.szczecin.pl\/index.php\/wp-json\/wp\/v2\/tags?post=10485"}],"curies":[{"name":"wp","href":"https:\/\/api.w.org\/{rel}","templated":true}]}}