{"id":10468,"date":"2021-11-30T13:42:02","date_gmt":"2021-11-30T12:42:02","guid":{"rendered":"https:\/\/lo6.szczecin.pl\/?p=10468"},"modified":"2021-12-01T13:50:12","modified_gmt":"2021-12-01T12:50:12","slug":"zebrania-z-rodzicami-23","status":"publish","type":"post","link":"https:\/\/lo6.szczecin.pl\/index.php\/2021\/11\/30\/zebrania-z-rodzicami-23\/","title":{"rendered":"Zebrania z Rodzicami"},"content":{"rendered":"<div>Dnia 2 grudnia 2021 r. odb\u0119d\u0105 si\u0119 zebrania z Rodzicami.<\/div>\n<div><\/div>\n<div class=\"kvgmc6g5 cxmmr5t8 oygrvhab hcukyx3x c1et5uql\">ZEBRANIA i KONSULTACJE b\u0119d\u0105 mia\u0142y form\u0119 ZDALN\u0104.<\/div>\n<div>Wyj\u0105tek stanowi\u0105 klasy 1b1 i 3gb2, kt\u00f3re b\u0119d\u0105 mia\u0142y zebrania stacjonarne w szkole.<\/div>\n<div>Klasa 1b1, godz. 17.00 sala 7.<\/div>\n<div>Klasa 3gb2, godz. 18.00 sala 25.<\/div>\n<div><\/div>\n<div>Zebrania pozosta\u0142y klas odb\u0119d\u0105 si\u0119 na platformie Teams (na kontach uczni\u00f3w).<\/div>\n<div class=\"o9v6fnle cxmmr5t8 oygrvhab hcukyx3x c1et5uql\">1. Zebrania z rodzicami uczni\u00f3w klas I i II ? godz. 17.00<br \/>\n2. Zebrania z rodzicami uczni\u00f3w klas III ? godz. 18.00<\/div>\n<div><\/div>\n<div class=\"o9v6fnle cxmmr5t8 oygrvhab hcukyx3x c1et5uql\">Temat: Bie\u017c\u0105ce osi\u0105gni\u0119cia uczni\u00f3w, post\u0119py w nauce, przygotowanie do klasyfikacji \u015br\u00f3drocznej za I semestr r. szk. 2021\/2022<\/div>\n<div class=\"o9v6fnle cxmmr5t8 oygrvhab hcukyx3x c1et5uql\">Konsultacje indywidualne dla rodzic\u00f3w ? wszyscy nauczyciele w godz. 17.00 ? 19.00<\/div>\n<div><\/div>\n","protected":false},"excerpt":{"rendered":"<p>Dnia 2 grudnia 2021 r. odb\u0119d\u0105 si\u0119 zebrania z Rodzicami. ZEBRANIA i KONSULTACJE b\u0119d\u0105 mia\u0142y form\u0119 ZDALN\u0104. Wyj\u0105tek stanowi\u0105 klasy 1b1 i 3gb2, kt\u00f3re b\u0119d\u0105 mia\u0142y zebrania stacjonarne w szkole. Klasa 1b1, godz. 17.00 sala 7. Klasa 3gb2, godz. 18.00 sala 25. Zebrania pozosta\u0142y klas odb\u0119d\u0105 si\u0119 na platformie Teams (na kontach uczni\u00f3w). 1. Zebrania&#8230;<\/p>\n","protected":false},"author":4,"featured_media":0,"comment_status":"closed","ping_status":"closed","sticky":false,"template":"","format":"gallery","meta":{"_acf_changed":false,"_s2mail":"","footnotes":""},"categories":[1],"tags":[],"class_list":["post-10468","post","type-post","status-publish","format-gallery","hentry","category-bez-kategorii","post_format-post-format-gallery"],"acf":[],"_links":{"self":[{"href":"https:\/\/lo6.szczecin.pl\/index.php\/wp-json\/wp\/v2\/posts\/10468","targetHints":{"allow":["GET"]}}],"collection":[{"href":"https:\/\/lo6.szczecin.pl\/index.php\/wp-json\/wp\/v2\/posts"}],"about":[{"href":"https:\/\/lo6.szczecin.pl\/index.php\/wp-json\/wp\/v2\/types\/post"}],"author":[{"embeddable":true,"href":"https:\/\/lo6.szczecin.pl\/index.php\/wp-json\/wp\/v2\/users\/4"}],"replies":[{"embeddable":true,"href":"https:\/\/lo6.szczecin.pl\/index.php\/wp-json\/wp\/v2\/comments?post=10468"}],"version-history":[{"count":1,"href":"https:\/\/lo6.szczecin.pl\/index.php\/wp-json\/wp\/v2\/posts\/10468\/revisions"}],"predecessor-version":[{"id":10469,"href":"https:\/\/lo6.szczecin.pl\/index.php\/wp-json\/wp\/v2\/posts\/10468\/revisions\/10469"}],"wp:attachment":[{"href":"https:\/\/lo6.szczecin.pl\/index.php\/wp-json\/wp\/v2\/media?parent=10468"}],"wp:term":[{"taxonomy":"category","embeddable":true,"href":"https:\/\/lo6.szczecin.pl\/index.php\/wp-json\/wp\/v2\/categories?post=10468"},{"taxonomy":"post_tag","embeddable":true,"href":"https:\/\/lo6.szczecin.pl\/index.php\/wp-json\/wp\/v2\/tags?post=10468"}],"curies":[{"name":"wp","href":"https:\/\/api.w.org\/{rel}","templated":true}]}}