{"id":10416,"date":"2021-10-12T13:06:26","date_gmt":"2021-10-12T11:06:26","guid":{"rendered":"https:\/\/lo6.szczecin.pl\/?p=10416"},"modified":"2021-10-12T13:06:50","modified_gmt":"2021-10-12T11:06:50","slug":"harmonogram-zajec-muzycznych-i-teatralnych","status":"publish","type":"post","link":"https:\/\/lo6.szczecin.pl\/index.php\/2021\/10\/12\/harmonogram-zajec-muzycznych-i-teatralnych\/","title":{"rendered":"Harmonogram zaj\u0119\u0107 muzycznych i teatralnych"},"content":{"rendered":"<p style=\"padding-left: 40px;\">Drodzy uczniowie, serdecznie zapraszamy na zaj\u0119cia grupy teatralnej i muzyczne w LO 6.<\/p>\n<p style=\"padding-left: 40px;\">Plan pracy:<\/p>\n<p style=\"padding-left: 40px;\">Grupa teatralna &#8211; prowadzenie Marek Ko\u015bci\u00f3\u0142ek, <span style=\"font-size: 18pt;\"><strong>\u015broda, godz. 15.10-17.00<\/strong><\/span>, Klubik<\/p>\n<p style=\"padding-left: 40px;\"><strong>UWAGA &#8211; pierwsze zaj\u0119cia w \u015brod\u0119 13-go pa\u017adziernika<\/strong><\/p>\n<p style=\"padding-left: 40px;\">\n<p style=\"padding-left: 40px;\">Grupa muzyczna &#8211; prowadzenie Antonia Janczak, zaj\u0119cia poniedzia\u0142ek,\u00a0<span style=\"font-size: 18pt;\"><strong>godz. 15.10-16.40, <\/strong><span style=\"font-size: 12pt;\">Klubik<\/span><\/span><\/p>\n<p style=\"padding-left: 440px;\">Czwartek, <span style=\"font-size: 18pt;\"><strong>godz. 15.10-16.40<\/strong><\/span><\/p>\n<p style=\"padding-left: 40px;\"><strong>UWAGA &#8211; pierwsze zaj\u0119cia w poniedzia\u0142ek 18-go pa\u017adziernika<\/strong><\/p>\n<p style=\"padding-left: 40px;\">\n","protected":false},"excerpt":{"rendered":"<p>Drodzy uczniowie, serdecznie zapraszamy na zaj\u0119cia grupy teatralnej i muzyczne w LO 6. Plan pracy: Grupa teatralna &#8211; prowadzenie Marek Ko\u015bci\u00f3\u0142ek, \u015broda, godz. 15.10-17.00, Klubik UWAGA &#8211; pierwsze zaj\u0119cia w \u015brod\u0119 13-go pa\u017adziernika Grupa muzyczna &#8211; prowadzenie Antonia Janczak, zaj\u0119cia poniedzia\u0142ek,\u00a0godz. 15.10-16.40, Klubik Czwartek, godz. 15.10-16.40 UWAGA &#8211; pierwsze zaj\u0119cia w poniedzia\u0142ek 18-go pa\u017adziernika<\/p>\n","protected":false},"author":3,"featured_media":10088,"comment_status":"closed","ping_status":"closed","sticky":false,"template":"","format":"standard","meta":{"_acf_changed":false,"_s2mail":"","footnotes":""},"categories":[1],"tags":[],"class_list":["post-10416","post","type-post","status-publish","format-standard","has-post-thumbnail","hentry","category-bez-kategorii"],"acf":[],"_links":{"self":[{"href":"https:\/\/lo6.szczecin.pl\/index.php\/wp-json\/wp\/v2\/posts\/10416","targetHints":{"allow":["GET"]}}],"collection":[{"href":"https:\/\/lo6.szczecin.pl\/index.php\/wp-json\/wp\/v2\/posts"}],"about":[{"href":"https:\/\/lo6.szczecin.pl\/index.php\/wp-json\/wp\/v2\/types\/post"}],"author":[{"embeddable":true,"href":"https:\/\/lo6.szczecin.pl\/index.php\/wp-json\/wp\/v2\/users\/3"}],"replies":[{"embeddable":true,"href":"https:\/\/lo6.szczecin.pl\/index.php\/wp-json\/wp\/v2\/comments?post=10416"}],"version-history":[{"count":3,"href":"https:\/\/lo6.szczecin.pl\/index.php\/wp-json\/wp\/v2\/posts\/10416\/revisions"}],"predecessor-version":[{"id":10419,"href":"https:\/\/lo6.szczecin.pl\/index.php\/wp-json\/wp\/v2\/posts\/10416\/revisions\/10419"}],"wp:featuredmedia":[{"embeddable":true,"href":"https:\/\/lo6.szczecin.pl\/index.php\/wp-json\/wp\/v2\/media\/10088"}],"wp:attachment":[{"href":"https:\/\/lo6.szczecin.pl\/index.php\/wp-json\/wp\/v2\/media?parent=10416"}],"wp:term":[{"taxonomy":"category","embeddable":true,"href":"https:\/\/lo6.szczecin.pl\/index.php\/wp-json\/wp\/v2\/categories?post=10416"},{"taxonomy":"post_tag","embeddable":true,"href":"https:\/\/lo6.szczecin.pl\/index.php\/wp-json\/wp\/v2\/tags?post=10416"}],"curies":[{"name":"wp","href":"https:\/\/api.w.org\/{rel}","templated":true}]}}