{"id":10406,"date":"2021-08-11T09:21:31","date_gmt":"2021-08-11T07:21:31","guid":{"rendered":"https:\/\/lo6.szczecin.pl\/?p=10406"},"modified":"2021-10-11T09:24:01","modified_gmt":"2021-10-11T07:24:01","slug":"senat-rzeczypospolitej-polskiej-jego-rola-i-znaczenie-w-systemie-politycznym-rzeczypospolitej-polskiej","status":"publish","type":"post","link":"https:\/\/lo6.szczecin.pl\/index.php\/2021\/08\/11\/senat-rzeczypospolitej-polskiej-jego-rola-i-znaczenie-w-systemie-politycznym-rzeczypospolitej-polskiej\/","title":{"rendered":"Senat Rzeczypospolitej Polskiej ? jego rola i znaczenie w systemie politycznym Rzeczypospolitej Polskiej"},"content":{"rendered":"<p>Drodzy Uczniowie<\/p>\n<p>Zapraszamy do udzia\u0142u w konkursie organizowanym we wsp\u00f3\u0142pracy i na zlecenie Senatu RP przez Katedr\u0119 Prawa i Instytucji Unii Europejskiej Wydzia\u0142u Nauk Politycznych i Studi\u00f3w Mi\u0119dzynarodowych Uniwersytetu Warszawskiego Konkursem ?Senat Rzeczypospolitej Polskiej ? jego rola i znaczenie w systemie politycznym Rzeczypospolitej Polskiej?.<\/p>\n<p><a href=\"https:\/\/lo6.szczecin.pl\/wp-content\/uploads\/2021\/10\/Regulamin-Konkursu-Senat-RP-jego-rola-i-znaczenie-w-systemie-politycznym-Rzeczypospolitej.pdf\">Regulamin konkursu<\/a><\/p>\n","protected":false},"excerpt":{"rendered":"<p>Drodzy Uczniowie Zapraszamy do udzia\u0142u w konkursie organizowanym we wsp\u00f3\u0142pracy i na zlecenie Senatu RP przez Katedr\u0119 Prawa i Instytucji Unii Europejskiej Wydzia\u0142u Nauk Politycznych i Studi\u00f3w Mi\u0119dzynarodowych Uniwersytetu Warszawskiego Konkursem ?Senat Rzeczypospolitej Polskiej ? jego rola i znaczenie w systemie politycznym Rzeczypospolitej Polskiej?. Regulamin konkursu<\/p>\n","protected":false},"author":4,"featured_media":10408,"comment_status":"closed","ping_status":"closed","sticky":false,"template":"","format":"gallery","meta":{"_acf_changed":false,"_s2mail":"","footnotes":""},"categories":[1],"tags":[],"class_list":["post-10406","post","type-post","status-publish","format-gallery","has-post-thumbnail","hentry","category-bez-kategorii","post_format-post-format-gallery"],"acf":[],"_links":{"self":[{"href":"https:\/\/lo6.szczecin.pl\/index.php\/wp-json\/wp\/v2\/posts\/10406","targetHints":{"allow":["GET"]}}],"collection":[{"href":"https:\/\/lo6.szczecin.pl\/index.php\/wp-json\/wp\/v2\/posts"}],"about":[{"href":"https:\/\/lo6.szczecin.pl\/index.php\/wp-json\/wp\/v2\/types\/post"}],"author":[{"embeddable":true,"href":"https:\/\/lo6.szczecin.pl\/index.php\/wp-json\/wp\/v2\/users\/4"}],"replies":[{"embeddable":true,"href":"https:\/\/lo6.szczecin.pl\/index.php\/wp-json\/wp\/v2\/comments?post=10406"}],"version-history":[{"count":1,"href":"https:\/\/lo6.szczecin.pl\/index.php\/wp-json\/wp\/v2\/posts\/10406\/revisions"}],"predecessor-version":[{"id":10409,"href":"https:\/\/lo6.szczecin.pl\/index.php\/wp-json\/wp\/v2\/posts\/10406\/revisions\/10409"}],"wp:featuredmedia":[{"embeddable":true,"href":"https:\/\/lo6.szczecin.pl\/index.php\/wp-json\/wp\/v2\/media\/10408"}],"wp:attachment":[{"href":"https:\/\/lo6.szczecin.pl\/index.php\/wp-json\/wp\/v2\/media?parent=10406"}],"wp:term":[{"taxonomy":"category","embeddable":true,"href":"https:\/\/lo6.szczecin.pl\/index.php\/wp-json\/wp\/v2\/categories?post=10406"},{"taxonomy":"post_tag","embeddable":true,"href":"https:\/\/lo6.szczecin.pl\/index.php\/wp-json\/wp\/v2\/tags?post=10406"}],"curies":[{"name":"wp","href":"https:\/\/api.w.org\/{rel}","templated":true}]}}