{"id":10398,"date":"2021-10-04T16:42:09","date_gmt":"2021-10-04T14:42:09","guid":{"rendered":"https:\/\/lo6.szczecin.pl\/?p=10398"},"modified":"2021-10-04T16:43:59","modified_gmt":"2021-10-04T14:43:59","slug":"chor-i-teatr-w-lo-6-zaczynamy-juz-w-srode","status":"publish","type":"post","link":"https:\/\/lo6.szczecin.pl\/index.php\/2021\/10\/04\/chor-i-teatr-w-lo-6-zaczynamy-juz-w-srode\/","title":{"rendered":"Ch\u00f3r i Teatr w LO 6 &#8211; zaczynamy ju\u017c w \u015brod\u0119!"},"content":{"rendered":"<p>&nbsp;<\/p>\n<p>&nbsp;<\/p>\n<p>&nbsp;<\/p>\n<p style=\"padding-left: 40px;\">Drodzy uczniowie, z ogromn\u0105 rado\u015bci\u0105 zapraszamy do wej\u015bcia w fascynuj\u0105cy \u015bwiat sztuki. Wsp\u00f3lnie z Dyrekcj\u0105 Szko\u0142y przygotowali\u015bmy dla Was zaj\u0119cia muzyczne z Antoni\u0105 Janczak oraz teatralne z Markiem Ko\u015bci\u00f3\u0142kiem. Zaczynamy ju\u017c w tym tygodniu i zapraszamy na spotkanie informacyjne. Widzimy si\u0119 w najbli\u017csz\u0105 \u015brod\u0119 <span style=\"font-size: 14pt;\"><strong>6-go pa\u017adziernika w sali nr 12<\/strong><\/span> (konferencyjna) w przerwie mi\u0119dzy 6 a 7 lekcj\u0105 tj. <span style=\"font-size: 18pt;\"><strong>od 13.15 do 13.25.<\/strong> <\/span>Tam dowiecie si\u0119, kiedy zaczn\u0105 si\u0119 regularne pr\u00f3by oraz jakie wydarzania, wyjazdy i koncerty nas czekaj\u0105 jeszcze w tym roku szkolnym.<\/p>\n<p style=\"padding-left: 40px;\">Przypominamy ch\u0119tnym, jak znakomite mog\u0105 by\u0107 to spotkania. Poni\u017cej relacje filmowe z warsztat\u00f3w, kt\u00f3re odby\u0142y si\u0119 w czerwcu 2021.<\/p>\n<p><iframe loading=\"lazy\" title=\"Warsztaty teatralne w LO6 w Szczecinie\" width=\"500\" height=\"281\" src=\"https:\/\/www.youtube.com\/embed\/3Pc22lOE9dg?feature=oembed\" frameborder=\"0\" allow=\"accelerometer; autoplay; clipboard-write; encrypted-media; gyroscope; picture-in-picture; web-share\" referrerpolicy=\"strict-origin-when-cross-origin\" allowfullscreen><\/iframe><\/p>\n<p><iframe loading=\"lazy\" title=\"warsztaty muzyczne w LO6 w Szczecinie\" width=\"500\" height=\"281\" src=\"https:\/\/www.youtube.com\/embed\/pJbWtCPTs-M?feature=oembed\" frameborder=\"0\" allow=\"accelerometer; autoplay; clipboard-write; encrypted-media; gyroscope; picture-in-picture; web-share\" referrerpolicy=\"strict-origin-when-cross-origin\" allowfullscreen><\/iframe><\/p>\n<p style=\"padding-left: 40px;\">Do zobaczenia<\/p>\n<p style=\"padding-left: 40px;\">Rada Rodzic\u00f3w 6 LO!<\/p>\n<p style=\"padding-left: 40px;\">\n","protected":false},"excerpt":{"rendered":"<p>&nbsp; &nbsp; &nbsp; Drodzy uczniowie, z ogromn\u0105 rado\u015bci\u0105 zapraszamy do wej\u015bcia w fascynuj\u0105cy \u015bwiat sztuki. Wsp\u00f3lnie z Dyrekcj\u0105 Szko\u0142y przygotowali\u015bmy dla Was zaj\u0119cia muzyczne z Antoni\u0105 Janczak oraz teatralne z Markiem Ko\u015bci\u00f3\u0142kiem. Zaczynamy ju\u017c w tym tygodniu i zapraszamy na spotkanie informacyjne. Widzimy si\u0119 w najbli\u017csz\u0105 \u015brod\u0119 6-go pa\u017adziernika w sali nr 12 (konferencyjna) w&#8230;<\/p>\n","protected":false},"author":3,"featured_media":10399,"comment_status":"closed","ping_status":"closed","sticky":false,"template":"","format":"standard","meta":{"_acf_changed":false,"_s2mail":"","footnotes":""},"categories":[1],"tags":[],"class_list":["post-10398","post","type-post","status-publish","format-standard","has-post-thumbnail","hentry","category-bez-kategorii"],"acf":[],"_links":{"self":[{"href":"https:\/\/lo6.szczecin.pl\/index.php\/wp-json\/wp\/v2\/posts\/10398","targetHints":{"allow":["GET"]}}],"collection":[{"href":"https:\/\/lo6.szczecin.pl\/index.php\/wp-json\/wp\/v2\/posts"}],"about":[{"href":"https:\/\/lo6.szczecin.pl\/index.php\/wp-json\/wp\/v2\/types\/post"}],"author":[{"embeddable":true,"href":"https:\/\/lo6.szczecin.pl\/index.php\/wp-json\/wp\/v2\/users\/3"}],"replies":[{"embeddable":true,"href":"https:\/\/lo6.szczecin.pl\/index.php\/wp-json\/wp\/v2\/comments?post=10398"}],"version-history":[{"count":4,"href":"https:\/\/lo6.szczecin.pl\/index.php\/wp-json\/wp\/v2\/posts\/10398\/revisions"}],"predecessor-version":[{"id":10401,"href":"https:\/\/lo6.szczecin.pl\/index.php\/wp-json\/wp\/v2\/posts\/10398\/revisions\/10401"}],"wp:featuredmedia":[{"embeddable":true,"href":"https:\/\/lo6.szczecin.pl\/index.php\/wp-json\/wp\/v2\/media\/10399"}],"wp:attachment":[{"href":"https:\/\/lo6.szczecin.pl\/index.php\/wp-json\/wp\/v2\/media?parent=10398"}],"wp:term":[{"taxonomy":"category","embeddable":true,"href":"https:\/\/lo6.szczecin.pl\/index.php\/wp-json\/wp\/v2\/categories?post=10398"},{"taxonomy":"post_tag","embeddable":true,"href":"https:\/\/lo6.szczecin.pl\/index.php\/wp-json\/wp\/v2\/tags?post=10398"}],"curies":[{"name":"wp","href":"https:\/\/api.w.org\/{rel}","templated":true}]}}