{"id":10317,"date":"2021-09-13T13:18:41","date_gmt":"2021-09-13T11:18:41","guid":{"rendered":"https:\/\/lo6.szczecin.pl\/?p=10317"},"modified":"2021-09-13T13:19:13","modified_gmt":"2021-09-13T11:19:13","slug":"pam-pum-xiii-edycja-2021-2022","status":"publish","type":"post","link":"https:\/\/lo6.szczecin.pl\/index.php\/2021\/09\/13\/pam-pum-xiii-edycja-2021-2022\/","title":{"rendered":"PAM PUM XIII Edycja (2021\/2022)"},"content":{"rendered":"<div style=\"padding-left: 40px;\">Zapraszamy uczni\u00f3w klas maturalnych do udzia\u0142u w XIII edycji M\u0142odzie\u017cowej Akademii\u00a0Medycznej Pomorskiego Uniwersytetu Medycznego w Szczecinie (MAM PUM).<\/div>\n<div style=\"padding-left: 40px;\"><a href=\"https:\/\/lo6.szczecin.pl\/wp-content\/uploads\/2021\/09\/XIII-EDYCJA-REGULAMIN-po-wniesieniu-poprawek-wskazanych-przez-prof.-D.-Chlubka-AK-1-1.pdf\">Szczeg\u00f3\u0142owe informacje<\/a><\/div>\n<div style=\"padding-left: 40px;\"><a href=\"https:\/\/lo6.szczecin.pl\/wp-content\/uploads\/2021\/09\/MAM-PUM-2021-2022-informacja-ogolna-na-strone-po-wniesieniu-poprawek-wskazanych-przez-Pana-Profesora.-D.-Chlubka-AK-1.pdf\">Cele programu<\/a><\/div>\n","protected":false},"excerpt":{"rendered":"<p>Zapraszamy uczni\u00f3w klas maturalnych do udzia\u0142u w XIII edycji M\u0142odzie\u017cowej Akademii\u00a0Medycznej Pomorskiego Uniwersytetu Medycznego w Szczecinie (MAM PUM). Szczeg\u00f3\u0142owe informacje Cele programu<\/p>\n","protected":false},"author":4,"featured_media":5992,"comment_status":"closed","ping_status":"closed","sticky":false,"template":"","format":"gallery","meta":{"_acf_changed":false,"_s2mail":"","footnotes":""},"categories":[1],"tags":[],"class_list":["post-10317","post","type-post","status-publish","format-gallery","has-post-thumbnail","hentry","category-bez-kategorii","post_format-post-format-gallery"],"acf":[],"_links":{"self":[{"href":"https:\/\/lo6.szczecin.pl\/index.php\/wp-json\/wp\/v2\/posts\/10317","targetHints":{"allow":["GET"]}}],"collection":[{"href":"https:\/\/lo6.szczecin.pl\/index.php\/wp-json\/wp\/v2\/posts"}],"about":[{"href":"https:\/\/lo6.szczecin.pl\/index.php\/wp-json\/wp\/v2\/types\/post"}],"author":[{"embeddable":true,"href":"https:\/\/lo6.szczecin.pl\/index.php\/wp-json\/wp\/v2\/users\/4"}],"replies":[{"embeddable":true,"href":"https:\/\/lo6.szczecin.pl\/index.php\/wp-json\/wp\/v2\/comments?post=10317"}],"version-history":[{"count":1,"href":"https:\/\/lo6.szczecin.pl\/index.php\/wp-json\/wp\/v2\/posts\/10317\/revisions"}],"predecessor-version":[{"id":10320,"href":"https:\/\/lo6.szczecin.pl\/index.php\/wp-json\/wp\/v2\/posts\/10317\/revisions\/10320"}],"wp:featuredmedia":[{"embeddable":true,"href":"https:\/\/lo6.szczecin.pl\/index.php\/wp-json\/wp\/v2\/media\/5992"}],"wp:attachment":[{"href":"https:\/\/lo6.szczecin.pl\/index.php\/wp-json\/wp\/v2\/media?parent=10317"}],"wp:term":[{"taxonomy":"category","embeddable":true,"href":"https:\/\/lo6.szczecin.pl\/index.php\/wp-json\/wp\/v2\/categories?post=10317"},{"taxonomy":"post_tag","embeddable":true,"href":"https:\/\/lo6.szczecin.pl\/index.php\/wp-json\/wp\/v2\/tags?post=10317"}],"curies":[{"name":"wp","href":"https:\/\/api.w.org\/{rel}","templated":true}]}}