{"id":10300,"date":"2021-09-02T18:24:29","date_gmt":"2021-09-02T16:24:29","guid":{"rendered":"https:\/\/lo6.szczecin.pl\/?p=10300"},"modified":"2021-09-02T18:25:30","modified_gmt":"2021-09-02T16:25:30","slug":"10300","status":"publish","type":"post","link":"https:\/\/lo6.szczecin.pl\/index.php\/2021\/09\/02\/10300\/","title":{"rendered":"PROCEDURY BEZPIECZE\u0143STWA"},"content":{"rendered":"<p style=\"text-align: right;\">Za\u0142\u0105cznik nr 1 \u00a0do Zarz\u0105dzenia nr 1 \/2021\/2022<\/p>\n<p style=\"text-align: right;\">Dyrektora VI Liceum Og\u00f3lnokszta\u0142c\u0105cego w Szczecinie<\/p>\n<p style=\"text-align: right;\">z dnia 31 sierpnia 2021 r.<\/p>\n<p>&nbsp;<\/p>\n<p style=\"padding-left: 40px;\"><a href=\"https:\/\/lo6.szczecin.pl\/wp-content\/uploads\/2021\/09\/VI_LO_PROCEDURY_COVID_19___01_wrzesnia_2021.pdf\"><strong>PROCEDURY BEZPIECZE\u0143STWA <\/strong><\/a><\/p>\n<p style=\"padding-left: 40px;\"><strong>w zwi\u0105zku z zapobieganiem,\u00a0<\/strong><strong> przeciwdzia\u0142aniem i zwalczaniem COVID -19\u00a0<\/strong><strong>obowi\u0105zuj\u0105ce w VI Liceum Og\u00f3lnokszta\u0142c\u0105cym im. <\/strong><strong>Stefana Czarnieckiego <\/strong><strong>w Szczecinie<\/strong><\/p>\n<p><strong>\u00a0<\/strong><\/p>\n<p>&nbsp;<\/p>\n","protected":false},"excerpt":{"rendered":"<p>Za\u0142\u0105cznik nr 1 \u00a0do Zarz\u0105dzenia nr 1 \/2021\/2022 Dyrektora VI Liceum Og\u00f3lnokszta\u0142c\u0105cego w Szczecinie z dnia 31 sierpnia 2021 r. &nbsp; PROCEDURY BEZPIECZE\u0143STWA w zwi\u0105zku z zapobieganiem,\u00a0 przeciwdzia\u0142aniem i zwalczaniem COVID -19\u00a0obowi\u0105zuj\u0105ce w VI Liceum Og\u00f3lnokszta\u0142c\u0105cym im. Stefana Czarnieckiego w Szczecinie \u00a0 &nbsp;<\/p>\n","protected":false},"author":4,"featured_media":0,"comment_status":"closed","ping_status":"closed","sticky":false,"template":"","format":"standard","meta":{"_acf_changed":false,"_s2mail":"","footnotes":""},"categories":[1],"tags":[],"class_list":["post-10300","post","type-post","status-publish","format-standard","hentry","category-bez-kategorii"],"acf":[],"_links":{"self":[{"href":"https:\/\/lo6.szczecin.pl\/index.php\/wp-json\/wp\/v2\/posts\/10300","targetHints":{"allow":["GET"]}}],"collection":[{"href":"https:\/\/lo6.szczecin.pl\/index.php\/wp-json\/wp\/v2\/posts"}],"about":[{"href":"https:\/\/lo6.szczecin.pl\/index.php\/wp-json\/wp\/v2\/types\/post"}],"author":[{"embeddable":true,"href":"https:\/\/lo6.szczecin.pl\/index.php\/wp-json\/wp\/v2\/users\/4"}],"replies":[{"embeddable":true,"href":"https:\/\/lo6.szczecin.pl\/index.php\/wp-json\/wp\/v2\/comments?post=10300"}],"version-history":[{"count":2,"href":"https:\/\/lo6.szczecin.pl\/index.php\/wp-json\/wp\/v2\/posts\/10300\/revisions"}],"predecessor-version":[{"id":10303,"href":"https:\/\/lo6.szczecin.pl\/index.php\/wp-json\/wp\/v2\/posts\/10300\/revisions\/10303"}],"wp:attachment":[{"href":"https:\/\/lo6.szczecin.pl\/index.php\/wp-json\/wp\/v2\/media?parent=10300"}],"wp:term":[{"taxonomy":"category","embeddable":true,"href":"https:\/\/lo6.szczecin.pl\/index.php\/wp-json\/wp\/v2\/categories?post=10300"},{"taxonomy":"post_tag","embeddable":true,"href":"https:\/\/lo6.szczecin.pl\/index.php\/wp-json\/wp\/v2\/tags?post=10300"}],"curies":[{"name":"wp","href":"https:\/\/api.w.org\/{rel}","templated":true}]}}