{"id":10273,"date":"2021-08-30T13:42:15","date_gmt":"2021-08-30T11:42:15","guid":{"rendered":"https:\/\/lo6.szczecin.pl\/?p=10273"},"modified":"2021-08-31T08:10:36","modified_gmt":"2021-08-31T06:10:36","slug":"zebrania-z-rodzicami-21","status":"publish","type":"post","link":"https:\/\/lo6.szczecin.pl\/index.php\/2021\/08\/30\/zebrania-z-rodzicami-21\/","title":{"rendered":"Zebrania z Rodzicami &#8211; klas I, II i III"},"content":{"rendered":"<h3 style=\"padding-left: 40px; text-align: center;\">Zebrania z Rodzicami na rozpocz\u0119cie roku szkolnego 2021\/2022<\/h3>\n<p style=\"padding-left: 40px;\"><img loading=\"lazy\" decoding=\"async\" src=\"https:\/\/static.xx.fbcdn.net\/images\/emoji.php\/v9\/t9e\/1\/16\/27a1.png\" alt=\"??\" width=\"16\" height=\"16\" \/>\u00a0<strong>01<\/strong>\u00a0<strong>wrze\u015bnia 2021<\/strong>\u00a0<strong>r. (\u015broda)\u00a0<\/strong><\/p>\n<p style=\"padding-left: 40px;\"><img loading=\"lazy\" decoding=\"async\" src=\"https:\/\/static.xx.fbcdn.net\/images\/emoji.php\/v9\/tac\/1\/16\/1f4cc.png\" alt=\"?\" width=\"16\" height=\"16\" \/>\u00a0<strong>GODZ. 17.00 <\/strong>&#8211;\u00a0Spotkanie rodzic\u00f3w uczni\u00f3w klas\u00a0<strong>1A, 1C <\/strong>z dyrekcj\u0105 na sali gimnastycznej szko\u0142y, nast\u0119pnie przej\u015bcie do sal lekcyjnych na spotkanie z wychowawcami:<\/p>\n<p style=\"padding-left: 40px;\">&#8211; 1A &#8211; sala 13<br \/>\n&#8211; 1C &#8211; sala 5<\/p>\n<p style=\"padding-left: 40px;\"><img loading=\"lazy\" decoding=\"async\" src=\"https:\/\/static.xx.fbcdn.net\/images\/emoji.php\/v9\/tac\/1\/16\/1f4cc.png\" alt=\"?\" width=\"16\" height=\"16\" \/>\u00a0<strong>GODZ. 17.00 <\/strong>&#8211; Spotkanie rodzic\u00f3w uczni\u00f3w klas <strong>1B1, 1B2<\/strong> w salach lekcyjnych z wychowawcami, nast\u0119pnie przej\u015bcie na spotkanie z dyrekcj\u0105 o <strong>godz. 18.00<\/strong> w sali gimnastycznej szko\u0142y:<\/p>\n<p style=\"padding-left: 40px;\">&#8211; 1B1 &#8211; sala 6<br \/>\n&#8211; 1B2 &#8211; sala 20<\/p>\n<p>&nbsp;<\/p>\n<p style=\"padding-left: 40px;\"><img loading=\"lazy\" decoding=\"async\" src=\"https:\/\/static.xx.fbcdn.net\/images\/emoji.php\/v9\/t9e\/1\/16\/27a1.png\" alt=\"??\" width=\"16\" height=\"16\" \/>\u00a0<strong>02<\/strong>\u00a0<strong>wrze\u015bnia 2021<\/strong>\u00a0<strong>r. (czwartek)\u00a0<\/strong><\/p>\n<p style=\"padding-left: 40px;\"><img loading=\"lazy\" decoding=\"async\" src=\"https:\/\/static.xx.fbcdn.net\/images\/emoji.php\/v9\/tac\/1\/16\/1f4cc.png\" alt=\"?\" width=\"16\" height=\"16\" \/>\u00a0<strong>GODZ. 17.00 <\/strong>&#8211;\u00a0Spotkanie rodzic\u00f3w uczni\u00f3w klas\u00a0<strong>3 GA, 3 GB1, 3 GB2, 3 GC <\/strong>z dyrekcj\u0105 na sali gimnastycznej szko\u0142y, nast\u0119pnie przej\u015bcie do sal lekcyjnych na spotkanie z wychowawcami:<\/p>\n<p style=\"padding-left: 40px;\">&#8211; kl. 3 GA &#8211; sala 7<br \/>\n&#8211; kl. 3 GB1 &#8211; sala 5<br \/>\n&#8211; kl. 3 GB2 &#8211; sala 25<br \/>\n&#8211; kl. 3 GC &#8211; sala 22<\/p>\n<p style=\"padding-left: 40px;\"><img loading=\"lazy\" decoding=\"async\" src=\"https:\/\/static.xx.fbcdn.net\/images\/emoji.php\/v9\/tac\/1\/16\/1f4cc.png\" alt=\"?\" width=\"16\" height=\"16\" \/>\u00a0<strong>GODZ. 17.00 <\/strong>&#8211;\u00a0Spotkanie rodzic\u00f3w uczni\u00f3w klas\u00a0<strong>2A, 2B, 2C i 3A, 3B1, 3B2, 3C <\/strong>z wychowawcami w salach lekcyjnych:<\/p>\n<p style=\"padding-left: 40px;\">&#8211; kl. 2A &#8211; sala 23<br \/>\n&#8211; kl. 2B &#8211; sala 2<br \/>\n&#8211; kl. 2C &#8211; sala 24<\/p>\n<p style=\"padding-left: 40px;\">&#8211; kl. 3A &#8211; sala 21<br \/>\n&#8211; kl. 3B1 &#8211; sala 6<br \/>\n&#8211; kl. 3B2 &#8211; sala 4<br \/>\n&#8211; kl. 3C &#8211; sala 14<\/p>\n<p>&nbsp;<\/p>\n<p style=\"padding-left: 40px;\"><strong><span class=\"has-inline-color has-vivid-red-color\">UWAGA!<\/span><\/strong><br \/>\n<strong><span class=\"has-inline-color has-vivid-red-color\">W czasie zebra\u0144 i obecno\u015bci w szkole wymagane jest zachowanie zasad bezpiecze\u0144stwa epidemicznego COVID-19.<\/span><\/strong><\/p>\n","protected":false},"excerpt":{"rendered":"<p>Zebrania z Rodzicami na rozpocz\u0119cie roku szkolnego 2021\/2022 \u00a001\u00a0wrze\u015bnia 2021\u00a0r. (\u015broda)\u00a0 \u00a0GODZ. 17.00 &#8211;\u00a0Spotkanie rodzic\u00f3w uczni\u00f3w klas\u00a01A, 1C z dyrekcj\u0105 na sali gimnastycznej szko\u0142y, nast\u0119pnie przej\u015bcie do sal lekcyjnych na spotkanie z wychowawcami: &#8211; 1A &#8211; sala 13 &#8211; 1C &#8211; sala 5 \u00a0GODZ. 17.00 &#8211; Spotkanie rodzic\u00f3w uczni\u00f3w klas 1B1, 1B2 w salach lekcyjnych&#8230;<\/p>\n","protected":false},"author":4,"featured_media":0,"comment_status":"closed","ping_status":"closed","sticky":false,"template":"","format":"video","meta":{"_acf_changed":false,"_s2mail":"","footnotes":""},"categories":[1],"tags":[],"class_list":["post-10273","post","type-post","status-publish","format-video","hentry","category-bez-kategorii","post_format-post-format-video"],"acf":[],"_links":{"self":[{"href":"https:\/\/lo6.szczecin.pl\/index.php\/wp-json\/wp\/v2\/posts\/10273","targetHints":{"allow":["GET"]}}],"collection":[{"href":"https:\/\/lo6.szczecin.pl\/index.php\/wp-json\/wp\/v2\/posts"}],"about":[{"href":"https:\/\/lo6.szczecin.pl\/index.php\/wp-json\/wp\/v2\/types\/post"}],"author":[{"embeddable":true,"href":"https:\/\/lo6.szczecin.pl\/index.php\/wp-json\/wp\/v2\/users\/4"}],"replies":[{"embeddable":true,"href":"https:\/\/lo6.szczecin.pl\/index.php\/wp-json\/wp\/v2\/comments?post=10273"}],"version-history":[{"count":4,"href":"https:\/\/lo6.szczecin.pl\/index.php\/wp-json\/wp\/v2\/posts\/10273\/revisions"}],"predecessor-version":[{"id":10283,"href":"https:\/\/lo6.szczecin.pl\/index.php\/wp-json\/wp\/v2\/posts\/10273\/revisions\/10283"}],"wp:attachment":[{"href":"https:\/\/lo6.szczecin.pl\/index.php\/wp-json\/wp\/v2\/media?parent=10273"}],"wp:term":[{"taxonomy":"category","embeddable":true,"href":"https:\/\/lo6.szczecin.pl\/index.php\/wp-json\/wp\/v2\/categories?post=10273"},{"taxonomy":"post_tag","embeddable":true,"href":"https:\/\/lo6.szczecin.pl\/index.php\/wp-json\/wp\/v2\/tags?post=10273"}],"curies":[{"name":"wp","href":"https:\/\/api.w.org\/{rel}","templated":true}]}}