{"id":10263,"date":"2021-08-30T08:12:45","date_gmt":"2021-08-30T06:12:45","guid":{"rendered":"https:\/\/lo6.szczecin.pl\/?p=10263"},"modified":"2021-08-30T08:37:46","modified_gmt":"2021-08-30T06:37:46","slug":"szkolny-bar-kawowy-coffeers","status":"publish","type":"post","link":"https:\/\/lo6.szczecin.pl\/index.php\/2021\/08\/30\/szkolny-bar-kawowy-coffeers\/","title":{"rendered":"Szkolny Bar Kawowy Coffeers"},"content":{"rendered":"<div style=\"padding-left: 40px;\">Drodzy uczniowie VI LO<\/div>\n<div style=\"padding-left: 40px;\"><\/div>\n<div style=\"padding-left: 40px;\">Witamy Was serdecznie, nazywamy si\u0119 <a href=\"https:\/\/www.facebook.com\/coffeers.szczecin\">Coffeers<\/a> i jeste\u015bmy rodzinn\u0105 kawiarni\u0105, kt\u00f3ra od lat go\u015bci w wielu szko\u0142ach i uniwersytetach w ca\u0142ym\u00a0Szczecinie.\u00a0W nadchodz\u0105cym wielkimi krokami, nowym roku szkolnym, wprowadzamy si\u0119\u00a0r\u00f3wnie\u017c do was!<\/div>\n<div style=\"padding-left: 40px;\"><\/div>\n<div style=\"padding-left: 40px;\">Je\u017celi codziennie rano nie macie na nic si\u0142y, a dodatkowo jeste\u015bcie fanami\u00a0dobrej kawy to gwarantujemy, \u017ce nasz barista zapewni wam zastrzyk energii,\u00a0wedle waszych upodoba\u0144. Je\u017celi jednak stawiacie na s\u0142odko\u015bci, a z kaw\u0105 wam\u00a0nie po drodze, to nic straconego, mamy w naszej ofercie w\u0142asnor\u0119cznie\u00a0robione desery. A gdy przyjdzie ju\u017c pora na zjedzenie czego\u015b\u00a0konkretniejszego, to w naszym barze znajduj\u0105 si\u0119 kanapki, tosty, panini,\u00a0oraz sa\u0142atki. Jak si\u0119 to m\u00f3wi &#8220;czego dusza zapragnie&#8221;.<\/div>\n<div style=\"padding-left: 40px;\"><\/div>\n<div style=\"padding-left: 40px;\">W trakcie jedzenia b\u0119dziecie mogli odpocz\u0105\u0107 na naszych le\u017cakach i cho\u0107 na\u00a0chwile zapomnie\u0107 o pracy domowej czy sprawdzianie z matematyki.<\/div>\n<div style=\"padding-left: 40px;\"><\/div>\n<div style=\"padding-left: 40px;\">Nie zosta\u0142o nam nic wi\u0119cej, ni\u017c zaprosi\u0107 was 2 wrze\u015bnia do naszego baru i\u00a0\u017cyczy\u0107 wam spokojnego roku szkolnego!<\/div>\n<div style=\"padding-left: 40px;\"><\/div>\n<div style=\"padding-left: 40px;\">Do zobaczenia!<\/div>\n","protected":false},"excerpt":{"rendered":"<p>Drodzy uczniowie VI LO Witamy Was serdecznie, nazywamy si\u0119 Coffeers i jeste\u015bmy rodzinn\u0105 kawiarni\u0105, kt\u00f3ra od lat go\u015bci w wielu szko\u0142ach i uniwersytetach w ca\u0142ym\u00a0Szczecinie.\u00a0W nadchodz\u0105cym wielkimi krokami, nowym roku szkolnym, wprowadzamy si\u0119\u00a0r\u00f3wnie\u017c do was! Je\u017celi codziennie rano nie macie na nic si\u0142y, a dodatkowo jeste\u015bcie fanami\u00a0dobrej kawy to gwarantujemy, \u017ce nasz barista zapewni wam&#8230;<\/p>\n","protected":false},"author":4,"featured_media":10264,"comment_status":"closed","ping_status":"closed","sticky":false,"template":"","format":"gallery","meta":{"_acf_changed":false,"_s2mail":"","footnotes":""},"categories":[1],"tags":[],"class_list":["post-10263","post","type-post","status-publish","format-gallery","has-post-thumbnail","hentry","category-bez-kategorii","post_format-post-format-gallery"],"acf":[],"_links":{"self":[{"href":"https:\/\/lo6.szczecin.pl\/index.php\/wp-json\/wp\/v2\/posts\/10263","targetHints":{"allow":["GET"]}}],"collection":[{"href":"https:\/\/lo6.szczecin.pl\/index.php\/wp-json\/wp\/v2\/posts"}],"about":[{"href":"https:\/\/lo6.szczecin.pl\/index.php\/wp-json\/wp\/v2\/types\/post"}],"author":[{"embeddable":true,"href":"https:\/\/lo6.szczecin.pl\/index.php\/wp-json\/wp\/v2\/users\/4"}],"replies":[{"embeddable":true,"href":"https:\/\/lo6.szczecin.pl\/index.php\/wp-json\/wp\/v2\/comments?post=10263"}],"version-history":[{"count":4,"href":"https:\/\/lo6.szczecin.pl\/index.php\/wp-json\/wp\/v2\/posts\/10263\/revisions"}],"predecessor-version":[{"id":10268,"href":"https:\/\/lo6.szczecin.pl\/index.php\/wp-json\/wp\/v2\/posts\/10263\/revisions\/10268"}],"wp:featuredmedia":[{"embeddable":true,"href":"https:\/\/lo6.szczecin.pl\/index.php\/wp-json\/wp\/v2\/media\/10264"}],"wp:attachment":[{"href":"https:\/\/lo6.szczecin.pl\/index.php\/wp-json\/wp\/v2\/media?parent=10263"}],"wp:term":[{"taxonomy":"category","embeddable":true,"href":"https:\/\/lo6.szczecin.pl\/index.php\/wp-json\/wp\/v2\/categories?post=10263"},{"taxonomy":"post_tag","embeddable":true,"href":"https:\/\/lo6.szczecin.pl\/index.php\/wp-json\/wp\/v2\/tags?post=10263"}],"curies":[{"name":"wp","href":"https:\/\/api.w.org\/{rel}","templated":true}]}}