{"id":10251,"date":"2021-08-03T11:16:34","date_gmt":"2021-08-03T09:16:34","guid":{"rendered":"https:\/\/lo6.szczecin.pl\/?p=10251"},"modified":"2021-08-25T11:26:36","modified_gmt":"2021-08-25T09:26:36","slug":"wytyczne-mein-mz-i-gis-dla-szkol-podstawowych-i-ponadpodstawowych-obowiazujace-od-1-wrzesnia-2021-r","status":"publish","type":"post","link":"https:\/\/lo6.szczecin.pl\/index.php\/2021\/08\/03\/wytyczne-mein-mz-i-gis-dla-szkol-podstawowych-i-ponadpodstawowych-obowiazujace-od-1-wrzesnia-2021-r\/","title":{"rendered":"Wytyczne MEiN, MZ i GIS"},"content":{"rendered":"<p class=\"intro\" style=\"padding-left: 40px;\">Ministerstwo Edukacji i Nauki we wsp\u00f3\u0142pracy z Ministerstwem Zdrowia oraz G\u0142\u00f3wnym Inspektoratem Sanitarnym przygotowa\u0142o wytyczne dla szk\u00f3\u0142 podstawowych i ponadpodstawowych, kt\u00f3re b\u0119d\u0105 obowi\u0105zywa\u0142y od 1 wrze\u015bnia 2021 r. Jest to zbi\u00f3r zalece\u0144 i rekomendacji, kt\u00f3rych celem jest bezpieczna oraz higieniczna organizacja zaj\u0119\u0107 w warunkach epidemii w nowym roku szkolnym.<\/p>\n<picture><img decoding=\"async\" src=\"https:\/\/www.gov.pl\/photo\/format\/c420f671-1cd1-4fe7-82fa-a3f79c843dab\/resolution\/1920x810\" alt=\"Po lewej stronie piktogram dokument\u00f3w po prawej stronie Wytyczne MEiN, MZ i GIS dla szk\u00f3\u0142 podstawowych i ponadpodstawowych obowi\u0105zuj\u0105ce od 1 wrze\u015bnia 2021 r. Piktogram i napis Wytyczne MEiN, MZ i GS s\u0105 w kolorze zielonym. \" \/><\/picture>\n<div class=\"editor-content\">\n<div>\n<p style=\"text-align: center;\"><a href=\"https:\/\/lo6.szczecin.pl\/wp-content\/uploads\/2021\/08\/Wytyczne_MEiN_MZ_i_GIS_wrzesien_2021-1.pdf\">Wytyczne dla szk\u00f3\u0142 podstawowych i ponadpodstawowych<\/a><\/p>\n<\/div>\n<\/div>\n<p style=\"padding-left: 40px;\">\n","protected":false},"excerpt":{"rendered":"<p>Ministerstwo Edukacji i Nauki we wsp\u00f3\u0142pracy z Ministerstwem Zdrowia oraz G\u0142\u00f3wnym Inspektoratem Sanitarnym przygotowa\u0142o wytyczne dla szk\u00f3\u0142 podstawowych i ponadpodstawowych, kt\u00f3re b\u0119d\u0105 obowi\u0105zywa\u0142y od 1 wrze\u015bnia 2021 r. Jest to zbi\u00f3r zalece\u0144 i rekomendacji, kt\u00f3rych celem jest bezpieczna oraz higieniczna organizacja zaj\u0119\u0107 w warunkach epidemii w nowym roku szkolnym. Wytyczne dla szk\u00f3\u0142 podstawowych i ponadpodstawowych<\/p>\n","protected":false},"author":4,"featured_media":5573,"comment_status":"closed","ping_status":"closed","sticky":false,"template":"","format":"gallery","meta":{"_acf_changed":false,"_s2mail":"","footnotes":""},"categories":[1],"tags":[],"class_list":["post-10251","post","type-post","status-publish","format-gallery","has-post-thumbnail","hentry","category-bez-kategorii","post_format-post-format-gallery"],"acf":[],"_links":{"self":[{"href":"https:\/\/lo6.szczecin.pl\/index.php\/wp-json\/wp\/v2\/posts\/10251","targetHints":{"allow":["GET"]}}],"collection":[{"href":"https:\/\/lo6.szczecin.pl\/index.php\/wp-json\/wp\/v2\/posts"}],"about":[{"href":"https:\/\/lo6.szczecin.pl\/index.php\/wp-json\/wp\/v2\/types\/post"}],"author":[{"embeddable":true,"href":"https:\/\/lo6.szczecin.pl\/index.php\/wp-json\/wp\/v2\/users\/4"}],"replies":[{"embeddable":true,"href":"https:\/\/lo6.szczecin.pl\/index.php\/wp-json\/wp\/v2\/comments?post=10251"}],"version-history":[{"count":4,"href":"https:\/\/lo6.szczecin.pl\/index.php\/wp-json\/wp\/v2\/posts\/10251\/revisions"}],"predecessor-version":[{"id":10256,"href":"https:\/\/lo6.szczecin.pl\/index.php\/wp-json\/wp\/v2\/posts\/10251\/revisions\/10256"}],"wp:featuredmedia":[{"embeddable":true,"href":"https:\/\/lo6.szczecin.pl\/index.php\/wp-json\/wp\/v2\/media\/5573"}],"wp:attachment":[{"href":"https:\/\/lo6.szczecin.pl\/index.php\/wp-json\/wp\/v2\/media?parent=10251"}],"wp:term":[{"taxonomy":"category","embeddable":true,"href":"https:\/\/lo6.szczecin.pl\/index.php\/wp-json\/wp\/v2\/categories?post=10251"},{"taxonomy":"post_tag","embeddable":true,"href":"https:\/\/lo6.szczecin.pl\/index.php\/wp-json\/wp\/v2\/tags?post=10251"}],"curies":[{"name":"wp","href":"https:\/\/api.w.org\/{rel}","templated":true}]}}