{"id":10241,"date":"2021-08-25T08:45:30","date_gmt":"2021-08-25T06:45:30","guid":{"rendered":"https:\/\/lo6.szczecin.pl\/?p=10241"},"modified":"2021-08-31T08:17:27","modified_gmt":"2021-08-31T06:17:27","slug":"10241","status":"publish","type":"post","link":"https:\/\/lo6.szczecin.pl\/index.php\/2021\/08\/25\/10241\/","title":{"rendered":"Rozpocz\u0119cie roku szkolnego 2021\/2022"},"content":{"rendered":"<h3 style=\"padding-left: 40px; text-align: center;\">Rozpocz\u0119cie roku szkolnego 2021\/2022<\/h3>\n<p>&nbsp;<\/p>\n<p style=\"padding-left: 40px;\"><img loading=\"lazy\" decoding=\"async\" src=\"https:\/\/static.xx.fbcdn.net\/images\/emoji.php\/v9\/t9e\/1\/16\/27a1.png\" alt=\"??\" width=\"16\" height=\"16\" \/>\u00a0<strong>01<\/strong>\u00a0<strong>wrze\u015bnia 2021<\/strong>\u00a0<strong>r. (\u015broda) <\/strong>&#8211; OBOWI\u0104ZUJE STR\u00d3J GALOWY.<\/p>\n<p style=\"padding-left: 40px;\"><img loading=\"lazy\" decoding=\"async\" src=\"https:\/\/static.xx.fbcdn.net\/images\/emoji.php\/v9\/tac\/1\/16\/1f4cc.png\" alt=\"?\" width=\"16\" height=\"16\" \/>\u00a0<strong>godz. 8.30 <\/strong>&#8211; spotkanie uczni\u00f3w klas <strong>3A, 3B1<\/strong>, <strong>3B2<\/strong>, <strong>3C<\/strong>\u00a0 w salach lekcyjnych z wychowawcami:<\/p>\n<p style=\"padding-left: 40px;\">&#8211; kl. 3 A &#8211; sala 21 &#8211; wychowawca &#8211; Beata Przybylska-Jankowska<br \/>\n&#8211; kl. 3 B1 &#8211; sala 2 &#8211; wychowawca &#8211; Agnieszka Andrzejuk<br \/>\n&#8211; kl. 3 B2 &#8211; sala 4 &#8211; wychowawca &#8211; Monika \u0141uczak<br \/>\n&#8211; kl. 3 C &#8211; sala 14 &#8211; wychowawca &#8211; Jolanta Rosiak<\/p>\n<p style=\"padding-left: 40px;\"><img loading=\"lazy\" decoding=\"async\" src=\"https:\/\/static.xx.fbcdn.net\/images\/emoji.php\/v9\/tac\/1\/16\/1f4cc.png\" alt=\"?\" width=\"16\" height=\"16\" \/>\u00a0<strong>godz. 9.00 <\/strong>&#8211; sala gimnastyczna &#8211; spotkanie uczni\u00f3w klas <strong>1A, 1<\/strong>\u00a0<strong>B1<\/strong> z wychowawcami i dyrekcj\u0105.<br \/>\nNast\u0119pnie przej\u015bcie do sal lekcyjnych na spotkanie z wychowawc\u0105:<\/p>\n<p style=\"padding-left: 40px;\">&#8211; kl.1A &#8211; sala 13 (1 pi\u0119tro) &#8211; wychowawca Piotr Kula<br \/>\n&#8211; kl. 1B1 &#8211; sala 6 (parter) &#8211; wychowawca Dorota Krzysztofik<\/p>\n<p style=\"padding-left: 40px;\"><img loading=\"lazy\" decoding=\"async\" src=\"https:\/\/static.xx.fbcdn.net\/images\/emoji.php\/v9\/tac\/1\/16\/1f4cc.png\" alt=\"?\" width=\"16\" height=\"16\" \/>\u00a0<strong>godz. 10.00 <\/strong>&#8211; spotkanie uczni\u00f3w klas <strong>3 GA, 3 GB1<\/strong>, <strong>3 GB2<\/strong>, <strong>3 GC<\/strong>\u00a0 w salach lekcyjnych z wychowawcami:<\/p>\n<p style=\"padding-left: 40px;\">&#8211; kl. 3 GA &#8211; sala 7 &#8211; wychowawca &#8211; Agnieszka \u017begli\u0144ska<br \/>\n&#8211; kl. 3 GB1 &#8211; sala 5 &#8211; wychowawca &#8211; Anna Kokot<br \/>\n&#8211; kl. 3 GB2 &#8211; sala 25 &#8211; wychowawca &#8211; Teresa Witkiewicz<br \/>\n&#8211; kl. 3 GC &#8211; sala 22 &#8211; wychowawca &#8211; Barbara Kowalska<\/p>\n<p style=\"padding-left: 40px;\"><img loading=\"lazy\" decoding=\"async\" src=\"https:\/\/static.xx.fbcdn.net\/images\/emoji.php\/v9\/tac\/1\/16\/1f4cc.png\" alt=\"?\" width=\"16\" height=\"16\" \/>\u00a0<strong>godz. 10.30 <\/strong>&#8211; sala gimnastyczna &#8211; spotkanie uczni\u00f3w klas <strong>1B2, 1<\/strong>\u00a0<strong>C<\/strong> z wychowawcami i dyrekcj\u0105.<br \/>\nNast\u0119pnie przej\u015bcie do sal lekcyjnych na spotkanie z wychowawc\u0105:<\/p>\n<p style=\"padding-left: 40px;\">&#8211; kl.1B2 &#8211; sala 20 (2 pi\u0119tro) &#8211; wychowawca Anna Roman<br \/>\n&#8211; kl. 1C &#8211; sala 5 (parter) &#8211; wychowawca Marek P\u0142atkowski<\/p>\n<p style=\"padding-left: 40px;\"><img loading=\"lazy\" decoding=\"async\" src=\"https:\/\/static.xx.fbcdn.net\/images\/emoji.php\/v9\/tac\/1\/16\/1f4cc.png\" alt=\"?\" width=\"16\" height=\"16\" \/>\u00a0<strong>godz. 11.00 <\/strong>&#8211; spotkania uczni\u00f3w klas<strong> 2A, 2B, 2C <\/strong>z wychowawcami w salach lekcyjnych:<\/p>\n<p style=\"padding-left: 40px;\">&#8211; kl. 2 A &#8211; sala 23 &#8211; wychowawca &#8211; Paulina Hajdamowicz<br \/>\n&#8211; kl. 2 B &#8211; sala 2 &#8211; wychowawca &#8211; Marzena Skrzy\u0144ska<br \/>\n&#8211; kl. 2 C &#8211; sala 24 &#8211; wychowawca &#8211; Magdalena Bohonos<\/p>\n<h3><\/h3>\n<p style=\"padding-left: 40px;\">\n","protected":false},"excerpt":{"rendered":"<p>Rozpocz\u0119cie roku szkolnego 2021\/2022 &nbsp; \u00a001\u00a0wrze\u015bnia 2021\u00a0r. (\u015broda) &#8211; OBOWI\u0104ZUJE STR\u00d3J GALOWY. \u00a0godz. 8.30 &#8211; spotkanie uczni\u00f3w klas 3A, 3B1, 3B2, 3C\u00a0 w salach lekcyjnych z wychowawcami: &#8211; kl. 3 A &#8211; sala 21 &#8211; wychowawca &#8211; Beata Przybylska-Jankowska &#8211; kl. 3 B1 &#8211; sala 2 &#8211; wychowawca &#8211; Agnieszka Andrzejuk &#8211; kl. 3 B2&#8230;<\/p>\n","protected":false},"author":4,"featured_media":6817,"comment_status":"closed","ping_status":"closed","sticky":false,"template":"","format":"gallery","meta":{"_acf_changed":false,"_s2mail":"","footnotes":""},"categories":[1],"tags":[],"class_list":["post-10241","post","type-post","status-publish","format-gallery","has-post-thumbnail","hentry","category-bez-kategorii","post_format-post-format-gallery"],"acf":[],"_links":{"self":[{"href":"https:\/\/lo6.szczecin.pl\/index.php\/wp-json\/wp\/v2\/posts\/10241","targetHints":{"allow":["GET"]}}],"collection":[{"href":"https:\/\/lo6.szczecin.pl\/index.php\/wp-json\/wp\/v2\/posts"}],"about":[{"href":"https:\/\/lo6.szczecin.pl\/index.php\/wp-json\/wp\/v2\/types\/post"}],"author":[{"embeddable":true,"href":"https:\/\/lo6.szczecin.pl\/index.php\/wp-json\/wp\/v2\/users\/4"}],"replies":[{"embeddable":true,"href":"https:\/\/lo6.szczecin.pl\/index.php\/wp-json\/wp\/v2\/comments?post=10241"}],"version-history":[{"count":11,"href":"https:\/\/lo6.szczecin.pl\/index.php\/wp-json\/wp\/v2\/posts\/10241\/revisions"}],"predecessor-version":[{"id":10284,"href":"https:\/\/lo6.szczecin.pl\/index.php\/wp-json\/wp\/v2\/posts\/10241\/revisions\/10284"}],"wp:featuredmedia":[{"embeddable":true,"href":"https:\/\/lo6.szczecin.pl\/index.php\/wp-json\/wp\/v2\/media\/6817"}],"wp:attachment":[{"href":"https:\/\/lo6.szczecin.pl\/index.php\/wp-json\/wp\/v2\/media?parent=10241"}],"wp:term":[{"taxonomy":"category","embeddable":true,"href":"https:\/\/lo6.szczecin.pl\/index.php\/wp-json\/wp\/v2\/categories?post=10241"},{"taxonomy":"post_tag","embeddable":true,"href":"https:\/\/lo6.szczecin.pl\/index.php\/wp-json\/wp\/v2\/tags?post=10241"}],"curies":[{"name":"wp","href":"https:\/\/api.w.org\/{rel}","templated":true}]}}