{"id":10219,"date":"2021-07-30T11:40:48","date_gmt":"2021-07-30T09:40:48","guid":{"rendered":"https:\/\/lo6.szczecin.pl\/?p=10219"},"modified":"2021-08-02T09:31:49","modified_gmt":"2021-08-02T07:31:49","slug":"egzaminy-poprawkowe-2021","status":"publish","type":"post","link":"https:\/\/lo6.szczecin.pl\/index.php\/2021\/07\/30\/egzaminy-poprawkowe-2021\/","title":{"rendered":"EGZAMINY POPRAWKOWE 2021"},"content":{"rendered":"<p style=\"padding-left: 40px;\"><b>\u00a0Harmonogram\u00a0egzamin\u00f3w\u00a0poprawkowych<\/b><\/p>\n<table style=\"width: 118.92%;\" width=\"1185\">\n<tbody>\n<tr>\n<td style=\"width: 9.62838%;\" width=\"58\">\n<p style=\"padding-left: 40px;\"><strong>L.p.<\/strong><\/p>\n<\/td>\n<td style=\"width: 0.844595%;\" width=\"196\"><\/td>\n<td style=\"width: 8.53036%; text-align: center;\" width=\"109\"><strong>Klasa<\/strong><\/td>\n<td style=\"width: 16.5515%; text-align: center;\" width=\"158\"><strong>Przedmiot<\/strong><\/td>\n<td style=\"width: 21.287%; text-align: center;\" width=\"158\"><strong>Data i\u00a0godzina<\/strong><\/td>\n<td style=\"width: 9.28519%; text-align: center;\" width=\"186\"><strong>Przedmiot<\/strong><\/td>\n<td style=\"width: 20.5283%; text-align: center;\" width=\"178\"><strong>Data i\u00a0godzina<\/strong><\/td>\n<td style=\"width: 11.9932%;\" width=\"144\"><strong>Wynik egzaminu<\/strong><\/td>\n<\/tr>\n<tr>\n<td style=\"width: 9.62838%;\" width=\"58\">\n<p style=\"padding-left: 40px;\">1.<\/p>\n<\/td>\n<td style=\"width: 0.844595%;\" width=\"196\"><\/td>\n<td style=\"width: 8.53036%; text-align: center;\" width=\"109\">2 A<\/td>\n<td style=\"width: 16.5515%; text-align: center;\" width=\"158\">matematyka<\/td>\n<td style=\"width: 21.287%; text-align: center;\" width=\"158\">27 sierpnia (pi\u0105tek),<\/p>\n<p>godz. 9.00<\/td>\n<td style=\"width: 9.28519%; text-align: center;\" width=\"186\">\u00a0&#8230;&#8230;&#8230;&#8230;&#8230;<\/td>\n<td style=\"width: 20.5283%; text-align: center;\" width=\"178\">&#8230;&#8230;&#8230;&#8230;&#8230;<\/td>\n<td style=\"width: 11.9932%;\" width=\"144\"><\/td>\n<\/tr>\n<tr>\n<td style=\"width: 9.62838%;\" width=\"58\">\n<p style=\"padding-left: 40px;\">2.<\/p>\n<\/td>\n<td style=\"width: 0.844595%;\" width=\"196\"><\/td>\n<td style=\"width: 8.53036%; text-align: center;\" width=\"109\">2 A<\/td>\n<td style=\"width: 16.5515%; text-align: center;\" width=\"158\">j\u0119zyk polski<\/td>\n<td style=\"width: 21.287%; text-align: center;\" width=\"158\">26 sierpnia (czwartek),<\/p>\n<p>godz. 9.00<\/td>\n<td style=\"width: 9.28519%; text-align: center;\" width=\"186\">\u00a0matematyka<\/td>\n<td style=\"width: 20.5283%; text-align: center;\" width=\"178\">27 sierpnia (pi\u0105tek),<\/p>\n<p>godz. 9.00<\/td>\n<td style=\"width: 11.9932%;\" width=\"144\"><\/td>\n<\/tr>\n<tr>\n<td style=\"width: 9.62838%;\" width=\"58\">\n<p style=\"padding-left: 40px;\">3.<\/p>\n<\/td>\n<td style=\"width: 0.844595%;\" width=\"196\"><\/td>\n<td style=\"width: 8.53036%; text-align: center;\" width=\"109\">2 C<\/td>\n<td style=\"width: 16.5515%; text-align: center;\" width=\"158\">j\u0119zyk polski<\/td>\n<td style=\"width: 21.287%; text-align: center;\" width=\"158\">26 sierpnia (czwartek),<\/p>\n<p>godz. 9.00<\/td>\n<td style=\"width: 9.28519%; text-align: center;\" width=\"186\">matematyka<\/td>\n<td style=\"width: 20.5283%; text-align: center;\" width=\"178\">27 sierpnia (pi\u0105tek),<\/p>\n<p>godz. 9.00<\/td>\n<td style=\"width: 11.9932%;\" width=\"144\"><\/td>\n<\/tr>\n<tr>\n<td style=\"width: 9.62838%;\" width=\"58\">\n<p style=\"padding-left: 40px;\">4.<\/p>\n<\/td>\n<td style=\"width: 0.844595%;\" width=\"196\"><\/td>\n<td style=\"width: 8.53036%; text-align: center;\" width=\"109\">2 C<\/td>\n<td style=\"width: 16.5515%; text-align: center;\" width=\"158\">j\u0119zyk polski<\/td>\n<td style=\"width: 21.287%; text-align: center;\" width=\"158\">26 sierpnia (czwartek),<\/p>\n<p>godz. 9.00<\/td>\n<td style=\"width: 9.28519%; text-align: center;\" width=\"186\">&#8230;&#8230;&#8230;&#8230;&#8230;<\/td>\n<td style=\"width: 20.5283%; text-align: center;\" width=\"178\">&#8230;&#8230;&#8230;&#8230;&#8230;<\/td>\n<td style=\"width: 11.9932%;\" width=\"144\"><\/td>\n<\/tr>\n<tr>\n<td style=\"width: 9.62838%;\" width=\"58\">\n<p style=\"padding-left: 40px;\">5.<\/p>\n<\/td>\n<td style=\"width: 0.844595%;\" width=\"196\"><\/td>\n<td style=\"width: 8.53036%; text-align: center;\" width=\"109\">2 G_A<\/td>\n<td style=\"width: 16.5515%; text-align: center;\" width=\"158\">j\u0119zyk polski<\/td>\n<td style=\"width: 21.287%; text-align: center;\" width=\"158\">26 sierpnia (czwartek),<\/p>\n<p>godz. 9.00<\/td>\n<td style=\"width: 9.28519%; text-align: center;\" width=\"186\">&#8230;&#8230;&#8230;&#8230;&#8230;<\/td>\n<td style=\"width: 20.5283%; text-align: center;\" width=\"178\">&#8230;&#8230;&#8230;&#8230;&#8230;<\/td>\n<td style=\"width: 11.9932%;\" width=\"144\"><\/td>\n<\/tr>\n<\/tbody>\n<\/table>\n<p>&nbsp;<\/p>\n<p style=\"padding-left: 40px;\">EGZAMIN POPRAWKOWY SK\u0141ADA SI\u0118 Z CZ\u0118\u015aCI PISEMNEJ I CZ\u0118\u015aCI USTNEJ. Mi\u0119dzy cz\u0119\u015bciami egzaminu jest ok. 30 min. przerwa.<\/p>\n<p style=\"padding-left: 40px;\">Konsultacje ze wszystkich przedmiot\u00f3w przed egzaminem poprawkowym w dniu 25 sierpnia (\u015broda) &#8211; nauczyciele ucz\u0105cy danych uczni\u00f3w, w godz. 9.00 &#8211; 11.00.<\/p>\n<p style=\"padding-left: 40px;\">Zestawy na egzaminy poprawkowe opracowane zgodnie z WZO nale\u017cy z\u0142o\u017cy\u0107 w sekretariacie w dniu 25 sierpnia 2021 r. w godzinach pracy sekretariatu.<\/p>\n<p><strong>\u00a0<\/strong><\/p>\n<p><strong>\u00a0<\/strong><\/p>\n<p>&nbsp;<\/p>\n","protected":false},"excerpt":{"rendered":"<p>\u00a0Harmonogram\u00a0egzamin\u00f3w\u00a0poprawkowych L.p. Klasa Przedmiot Data i\u00a0godzina Przedmiot Data i\u00a0godzina Wynik egzaminu 1. 2 A matematyka 27 sierpnia (pi\u0105tek), godz. 9.00 \u00a0&#8230;&#8230;&#8230;&#8230;&#8230; &#8230;&#8230;&#8230;&#8230;&#8230; 2. 2 A j\u0119zyk polski 26 sierpnia (czwartek), godz. 9.00 \u00a0matematyka 27 sierpnia (pi\u0105tek), godz. 9.00 3. 2 C j\u0119zyk polski 26 sierpnia (czwartek), godz. 9.00 matematyka 27 sierpnia (pi\u0105tek), godz. 9.00 4&#8230;.<\/p>\n","protected":false},"author":4,"featured_media":0,"comment_status":"closed","ping_status":"closed","sticky":false,"template":"","format":"standard","meta":{"_acf_changed":false,"_s2mail":"","footnotes":""},"categories":[1],"tags":[],"class_list":["post-10219","post","type-post","status-publish","format-standard","hentry","category-bez-kategorii"],"acf":[],"_links":{"self":[{"href":"https:\/\/lo6.szczecin.pl\/index.php\/wp-json\/wp\/v2\/posts\/10219","targetHints":{"allow":["GET"]}}],"collection":[{"href":"https:\/\/lo6.szczecin.pl\/index.php\/wp-json\/wp\/v2\/posts"}],"about":[{"href":"https:\/\/lo6.szczecin.pl\/index.php\/wp-json\/wp\/v2\/types\/post"}],"author":[{"embeddable":true,"href":"https:\/\/lo6.szczecin.pl\/index.php\/wp-json\/wp\/v2\/users\/4"}],"replies":[{"embeddable":true,"href":"https:\/\/lo6.szczecin.pl\/index.php\/wp-json\/wp\/v2\/comments?post=10219"}],"version-history":[{"count":7,"href":"https:\/\/lo6.szczecin.pl\/index.php\/wp-json\/wp\/v2\/posts\/10219\/revisions"}],"predecessor-version":[{"id":10226,"href":"https:\/\/lo6.szczecin.pl\/index.php\/wp-json\/wp\/v2\/posts\/10219\/revisions\/10226"}],"wp:attachment":[{"href":"https:\/\/lo6.szczecin.pl\/index.php\/wp-json\/wp\/v2\/media?parent=10219"}],"wp:term":[{"taxonomy":"category","embeddable":true,"href":"https:\/\/lo6.szczecin.pl\/index.php\/wp-json\/wp\/v2\/categories?post=10219"},{"taxonomy":"post_tag","embeddable":true,"href":"https:\/\/lo6.szczecin.pl\/index.php\/wp-json\/wp\/v2\/tags?post=10219"}],"curies":[{"name":"wp","href":"https:\/\/api.w.org\/{rel}","templated":true}]}}