{"id":10213,"date":"2021-07-19T12:47:16","date_gmt":"2021-07-19T10:47:16","guid":{"rendered":"https:\/\/lo6.szczecin.pl\/?p=10213"},"modified":"2021-07-19T12:47:16","modified_gmt":"2021-07-19T10:47:16","slug":"uwaga-kandydaci","status":"publish","type":"post","link":"https:\/\/lo6.szczecin.pl\/index.php\/2021\/07\/19\/uwaga-kandydaci\/","title":{"rendered":"Uwaga kandydaci!"},"content":{"rendered":"<h3>Wiadomo\u015bci dla kandydat\u00f3w<\/h3>\n<p>Wszystkim zainteresowanym przypominamy <strong>o konieczno\u015bci uzupe\u0142nienia elektronicznego naboru do dnia 14.07.2021 r.<\/strong> o niezb\u0119dn\u0105 dokumentacj\u0119 :<\/p>\n<ul>\n<li>\n<ul>\n<li>\u015bwiadectwo uko\u0144czenia szko\u0142y podstawowej<\/li>\n<li>za\u015bwiadczenie o wynikach egzaminu \u00f3smoklasisty<\/li>\n<li>dokumenty niezb\u0119dne do potwierdzenia kryteri\u00f3w dodatkowych<\/li>\n<\/ul>\n<\/li>\n<\/ul>\n<p>Kandydatom zakwalifikowanym <strong>o potwierdzenie woli nauki do dnia 30.07.2021 r.<\/strong> poprzez dostarczenie:<\/p>\n<ul>\n<li>\n<ul>\n<li>orygina\u0142u wniosku z naboru<\/li>\n<li>orygina\u0142u \u015bwiadectwa uko\u0144czenia szko\u0142y podstawowej<\/li>\n<li>orygina\u0142u za\u015bwiadczenia o wynikach egzaminu \u00f3smoklasisty<\/li>\n<li>oraz dodatkowo dw\u00f3ch podpisanych zdj\u0119\u0107 legitymacyjnych i karty zdrowia ucznia<\/li>\n<\/ul>\n<\/li>\n<\/ul>\n<p>&nbsp;<\/p>\n<p>Informujemy r\u00f3wnie\u017c o:<\/p>\n<ol>\n<li>\n<ol>\n<li>Mo\u017cliwo\u015b\u0107 skorzystania z szafek (skrytek) szkolnych (<a href=\"https:\/\/lo6.szczecin.pl\/wp-content\/uploads\/2021\/06\/modele-szafek.pdf\">modele szafek i ceny<\/a>). <a href=\"https:\/\/lo6.szczecin.pl\/wp-content\/uploads\/2021\/06\/druk_zamowienia.pdf\">Druk zam\u00f3wienia<\/a>.<\/li>\n<li>Zebranie z Rodzicami uczni\u00f3w klas pierwszych odb\u0119dzie si\u0119 1 wrze\u015bnia o godzinie 17.00<\/li>\n<li>Planowany jest trzydniowy wyjazd integracyjny dla uczni\u00f3w klas pierwszych w terminie 6-8 wrze\u015bnia 2021 r. (poniedzia\u0142ek &#8211; \u015broda), w kt\u00f3rym powinni wzi\u0105\u0107 udzia\u0142 wszyscy uczniowie.<br \/>\nPrzewidywany koszt wyjazdu 300 z\u0142, obejmuje:<br \/>\n&#8211; pobyt (zakwaterowanie i wy\u017cywienie &#8211; 3 posi\u0142ki)<br \/>\n&#8211; przejazd<br \/>\n&#8211; ubezpieczenie<br \/>\n&#8211; materia\u0142y potrzebne do zaj\u0119\u0107<\/li>\n<li>Wszystkich kandydat\u00f3w i rodzic\u00f3w prosimy o zapoznanie si\u0119 ze Statutem VI LO, kt\u00f3ry reguluje najwa\u017cniejsze dzia\u0142ania szko\u0142y.<\/li>\n<\/ol>\n<\/li>\n<\/ol>\n","protected":false},"excerpt":{"rendered":"<p>Wiadomo\u015bci dla kandydat\u00f3w Wszystkim zainteresowanym przypominamy o konieczno\u015bci uzupe\u0142nienia elektronicznego naboru do dnia 14.07.2021 r. o niezb\u0119dn\u0105 dokumentacj\u0119 : \u015bwiadectwo uko\u0144czenia szko\u0142y podstawowej za\u015bwiadczenie o wynikach egzaminu \u00f3smoklasisty dokumenty niezb\u0119dne do potwierdzenia kryteri\u00f3w dodatkowych Kandydatom zakwalifikowanym o potwierdzenie woli nauki do dnia 30.07.2021 r. poprzez dostarczenie: orygina\u0142u wniosku z naboru orygina\u0142u \u015bwiadectwa uko\u0144czenia szko\u0142y podstawowej&#8230;<\/p>\n","protected":false},"author":3,"featured_media":0,"comment_status":"closed","ping_status":"closed","sticky":false,"template":"","format":"standard","meta":{"_acf_changed":false,"_s2mail":"","footnotes":""},"categories":[1],"tags":[],"class_list":["post-10213","post","type-post","status-publish","format-standard","hentry","category-bez-kategorii"],"acf":[],"_links":{"self":[{"href":"https:\/\/lo6.szczecin.pl\/index.php\/wp-json\/wp\/v2\/posts\/10213","targetHints":{"allow":["GET"]}}],"collection":[{"href":"https:\/\/lo6.szczecin.pl\/index.php\/wp-json\/wp\/v2\/posts"}],"about":[{"href":"https:\/\/lo6.szczecin.pl\/index.php\/wp-json\/wp\/v2\/types\/post"}],"author":[{"embeddable":true,"href":"https:\/\/lo6.szczecin.pl\/index.php\/wp-json\/wp\/v2\/users\/3"}],"replies":[{"embeddable":true,"href":"https:\/\/lo6.szczecin.pl\/index.php\/wp-json\/wp\/v2\/comments?post=10213"}],"version-history":[{"count":2,"href":"https:\/\/lo6.szczecin.pl\/index.php\/wp-json\/wp\/v2\/posts\/10213\/revisions"}],"predecessor-version":[{"id":10215,"href":"https:\/\/lo6.szczecin.pl\/index.php\/wp-json\/wp\/v2\/posts\/10213\/revisions\/10215"}],"wp:attachment":[{"href":"https:\/\/lo6.szczecin.pl\/index.php\/wp-json\/wp\/v2\/media?parent=10213"}],"wp:term":[{"taxonomy":"category","embeddable":true,"href":"https:\/\/lo6.szczecin.pl\/index.php\/wp-json\/wp\/v2\/categories?post=10213"},{"taxonomy":"post_tag","embeddable":true,"href":"https:\/\/lo6.szczecin.pl\/index.php\/wp-json\/wp\/v2\/tags?post=10213"}],"curies":[{"name":"wp","href":"https:\/\/api.w.org\/{rel}","templated":true}]}}