{"id":10201,"date":"2021-07-06T14:03:53","date_gmt":"2021-07-06T12:03:53","guid":{"rendered":"https:\/\/lo6.szczecin.pl\/?p=10201"},"modified":"2021-07-06T14:07:42","modified_gmt":"2021-07-06T12:07:42","slug":"nagroda-prezydenta-miasta-szczecin-2","status":"publish","type":"post","link":"https:\/\/lo6.szczecin.pl\/index.php\/2021\/07\/06\/nagroda-prezydenta-miasta-szczecin-2\/","title":{"rendered":"NAGRODA\u00a0 PREZYDENTA\u00a0 MIASTA\u00a0 SZCZECIN"},"content":{"rendered":"<p style=\"padding-left: 40px;\">W dniu 22 czerwca 2021 r. Nagrod\u0119 Prezydenta Miasta Szczecin, przyznawan\u0105 za wybitne osi\u0105gni\u0119cia naukowe, odebra\u0142 absolwent klasy 3D VI LO Piotr Tyrakowski.<\/p>\n<p style=\"padding-left: 40px;\">Piotr z sukcesami reprezentowa\u0142 nasz\u0105 szko\u0142\u0119 w zawodach i konkursach matematycznych.<\/p>\n<p style=\"padding-left: 40px;\">Serdecznie gratulujemy i \u017cyczymy kolejnych wspania\u0142ych osi\u0105gni\u0119\u0107!<\/p>\n<table style=\"border-collapse: collapse; width: 100%;\">\n<tbody>\n<tr>\n<td style=\"width: 50%;\"><img loading=\"lazy\" decoding=\"async\" class=\"wp-image-10203 size-medium alignright\" src=\"https:\/\/lo6.szczecin.pl\/wp-content\/uploads\/2021\/07\/zdj._3-1-225x300.jpg\" alt=\"\" width=\"225\" height=\"300\" srcset=\"https:\/\/lo6.szczecin.pl\/wp-content\/uploads\/2021\/07\/zdj._3-1-225x300.jpg 225w, https:\/\/lo6.szczecin.pl\/wp-content\/uploads\/2021\/07\/zdj._3-1-768x1024.jpg 768w, https:\/\/lo6.szczecin.pl\/wp-content\/uploads\/2021\/07\/zdj._3-1-1152x1536.jpg 1152w, https:\/\/lo6.szczecin.pl\/wp-content\/uploads\/2021\/07\/zdj._3-1-1536x2048.jpg 1536w, https:\/\/lo6.szczecin.pl\/wp-content\/uploads\/2021\/07\/zdj._3-1-1200x1600.jpg 1200w, https:\/\/lo6.szczecin.pl\/wp-content\/uploads\/2021\/07\/zdj._3-1-600x800.jpg 600w, https:\/\/lo6.szczecin.pl\/wp-content\/uploads\/2021\/07\/zdj._3-1-400x533.jpg 400w, https:\/\/lo6.szczecin.pl\/wp-content\/uploads\/2021\/07\/zdj._3-1-300x400.jpg 300w, https:\/\/lo6.szczecin.pl\/wp-content\/uploads\/2021\/07\/zdj._3-1-scaled.jpg 1920w\" sizes=\"auto, (max-width: 225px) 100vw, 225px\" \/><\/td>\n<td style=\"width: 50%;\"><img loading=\"lazy\" decoding=\"async\" class=\"wp-image-10202 size-medium alignleft\" src=\"https:\/\/lo6.szczecin.pl\/wp-content\/uploads\/2021\/07\/zdj._5-1-225x300.jpg\" alt=\"\" width=\"225\" height=\"300\" srcset=\"https:\/\/lo6.szczecin.pl\/wp-content\/uploads\/2021\/07\/zdj._5-1-225x300.jpg 225w, https:\/\/lo6.szczecin.pl\/wp-content\/uploads\/2021\/07\/zdj._5-1-768x1024.jpg 768w, https:\/\/lo6.szczecin.pl\/wp-content\/uploads\/2021\/07\/zdj._5-1-1152x1536.jpg 1152w, https:\/\/lo6.szczecin.pl\/wp-content\/uploads\/2021\/07\/zdj._5-1-1536x2048.jpg 1536w, https:\/\/lo6.szczecin.pl\/wp-content\/uploads\/2021\/07\/zdj._5-1-1200x1600.jpg 1200w, https:\/\/lo6.szczecin.pl\/wp-content\/uploads\/2021\/07\/zdj._5-1-600x800.jpg 600w, https:\/\/lo6.szczecin.pl\/wp-content\/uploads\/2021\/07\/zdj._5-1-400x533.jpg 400w, https:\/\/lo6.szczecin.pl\/wp-content\/uploads\/2021\/07\/zdj._5-1-300x400.jpg 300w, https:\/\/lo6.szczecin.pl\/wp-content\/uploads\/2021\/07\/zdj._5-1-scaled.jpg 1920w\" sizes=\"auto, (max-width: 225px) 100vw, 225px\" \/><\/td>\n<\/tr>\n<\/tbody>\n<\/table>\n","protected":false},"excerpt":{"rendered":"<p>W dniu 22 czerwca 2021 r. Nagrod\u0119 Prezydenta Miasta Szczecin, przyznawan\u0105 za wybitne osi\u0105gni\u0119cia naukowe, odebra\u0142 absolwent klasy 3D VI LO Piotr Tyrakowski. Piotr z sukcesami reprezentowa\u0142 nasz\u0105 szko\u0142\u0119 w zawodach i konkursach matematycznych. Serdecznie gratulujemy i \u017cyczymy kolejnych wspania\u0142ych osi\u0105gni\u0119\u0107!<\/p>\n","protected":false},"author":4,"featured_media":10204,"comment_status":"closed","ping_status":"closed","sticky":false,"template":"","format":"gallery","meta":{"_acf_changed":false,"_s2mail":"","footnotes":""},"categories":[1],"tags":[],"class_list":["post-10201","post","type-post","status-publish","format-gallery","has-post-thumbnail","hentry","category-bez-kategorii","post_format-post-format-gallery"],"acf":[],"_links":{"self":[{"href":"https:\/\/lo6.szczecin.pl\/index.php\/wp-json\/wp\/v2\/posts\/10201","targetHints":{"allow":["GET"]}}],"collection":[{"href":"https:\/\/lo6.szczecin.pl\/index.php\/wp-json\/wp\/v2\/posts"}],"about":[{"href":"https:\/\/lo6.szczecin.pl\/index.php\/wp-json\/wp\/v2\/types\/post"}],"author":[{"embeddable":true,"href":"https:\/\/lo6.szczecin.pl\/index.php\/wp-json\/wp\/v2\/users\/4"}],"replies":[{"embeddable":true,"href":"https:\/\/lo6.szczecin.pl\/index.php\/wp-json\/wp\/v2\/comments?post=10201"}],"version-history":[{"count":4,"href":"https:\/\/lo6.szczecin.pl\/index.php\/wp-json\/wp\/v2\/posts\/10201\/revisions"}],"predecessor-version":[{"id":10210,"href":"https:\/\/lo6.szczecin.pl\/index.php\/wp-json\/wp\/v2\/posts\/10201\/revisions\/10210"}],"wp:featuredmedia":[{"embeddable":true,"href":"https:\/\/lo6.szczecin.pl\/index.php\/wp-json\/wp\/v2\/media\/10204"}],"wp:attachment":[{"href":"https:\/\/lo6.szczecin.pl\/index.php\/wp-json\/wp\/v2\/media?parent=10201"}],"wp:term":[{"taxonomy":"category","embeddable":true,"href":"https:\/\/lo6.szczecin.pl\/index.php\/wp-json\/wp\/v2\/categories?post=10201"},{"taxonomy":"post_tag","embeddable":true,"href":"https:\/\/lo6.szczecin.pl\/index.php\/wp-json\/wp\/v2\/tags?post=10201"}],"curies":[{"name":"wp","href":"https:\/\/api.w.org\/{rel}","templated":true}]}}