{"id":10182,"date":"2021-06-29T13:03:50","date_gmt":"2021-06-29T11:03:50","guid":{"rendered":"https:\/\/lo6.szczecin.pl\/?p=10182"},"modified":"2021-06-29T13:04:04","modified_gmt":"2021-06-29T11:04:04","slug":"swiadectwa-dojrzalosci-3","status":"publish","type":"post","link":"https:\/\/lo6.szczecin.pl\/index.php\/2021\/06\/29\/swiadectwa-dojrzalosci-3\/","title":{"rendered":"\u015awiadectwa dojrza\u0142o\u015bci"},"content":{"rendered":"<p style=\"padding-left: 40px;\">Wydawanie wynik\u00f3w egzaminu dojrza\u0142o\u015bci w dniu 5 lipca 2021 r. odb\u0119dzie si\u0119 dla tegorocznych absolwent\u00f3w <strong><u>o godzinie 10.00<\/u><\/strong> w salach:<\/p>\n<p style=\"padding-left: 40px;\">&#8211; 3 a &#8211; sala 7,<\/p>\n<p style=\"padding-left: 40px;\">&#8211; 3 b &#8211; sala 4,<\/p>\n<p style=\"padding-left: 40px;\">&#8211; 3 c &#8211; sala 5,<\/p>\n<p style=\"padding-left: 40px;\">&#8211; 3 d &#8211; sala 6,<\/p>\n<p style=\"padding-left: 40px;\">Absolwenci lat ubieg\u0142ych b\u0119d\u0105 mogli odebra\u0107 wyniki egzaminu dojrza\u0142o\u015bci w dniu 5 lipca 2021 r. w sekretariacie szko\u0142y<br \/>\n<strong><u>w godzinach 12.00-14.00.<\/u><\/strong><\/p>\n<p style=\"padding-left: 40px;\">Odbi\u00f3r wynik\u00f3w w terminie p\u00f3\u017aniejszym b\u0119dzie mo\u017cliwy w miesi\u0105cu lipcu w godzinach otwarcia sekretariatu dla interesant\u00f3w, po\u00a0wcze\u015bniejszym um\u00f3wieniu telefonicznym.<\/p>\n<p style=\"padding-left: 40px;\"><span style=\"color: #800000;\">Przypominamy, \u017ce odbioru \u015bwiadectwa dojrza\u0142o\u015bci nale\u017cy dokona\u0107 osobi\u015bcie lub mo\u017ce to zrobi\u0107 osoba, kt\u00f3ra oka\u017ce si\u0119 upowa\u017cnieniem podpisanym przez absolwenta.<\/span><\/p>\n<p>&nbsp;<\/p>\n","protected":false},"excerpt":{"rendered":"<p>Wydawanie wynik\u00f3w egzaminu dojrza\u0142o\u015bci w dniu 5 lipca 2021 r. odb\u0119dzie si\u0119 dla tegorocznych absolwent\u00f3w o godzinie 10.00 w salach: &#8211; 3 a &#8211; sala 7, &#8211; 3 b &#8211; sala 4, &#8211; 3 c &#8211; sala 5, &#8211; 3 d &#8211; sala 6, Absolwenci lat ubieg\u0142ych b\u0119d\u0105 mogli odebra\u0107 wyniki egzaminu dojrza\u0142o\u015bci w dniu&#8230;<\/p>\n","protected":false},"author":4,"featured_media":10183,"comment_status":"closed","ping_status":"closed","sticky":false,"template":"","format":"gallery","meta":{"_acf_changed":false,"_s2mail":"","footnotes":""},"categories":[1],"tags":[],"class_list":["post-10182","post","type-post","status-publish","format-gallery","has-post-thumbnail","hentry","category-bez-kategorii","post_format-post-format-gallery"],"acf":[],"_links":{"self":[{"href":"https:\/\/lo6.szczecin.pl\/index.php\/wp-json\/wp\/v2\/posts\/10182","targetHints":{"allow":["GET"]}}],"collection":[{"href":"https:\/\/lo6.szczecin.pl\/index.php\/wp-json\/wp\/v2\/posts"}],"about":[{"href":"https:\/\/lo6.szczecin.pl\/index.php\/wp-json\/wp\/v2\/types\/post"}],"author":[{"embeddable":true,"href":"https:\/\/lo6.szczecin.pl\/index.php\/wp-json\/wp\/v2\/users\/4"}],"replies":[{"embeddable":true,"href":"https:\/\/lo6.szczecin.pl\/index.php\/wp-json\/wp\/v2\/comments?post=10182"}],"version-history":[{"count":2,"href":"https:\/\/lo6.szczecin.pl\/index.php\/wp-json\/wp\/v2\/posts\/10182\/revisions"}],"predecessor-version":[{"id":10185,"href":"https:\/\/lo6.szczecin.pl\/index.php\/wp-json\/wp\/v2\/posts\/10182\/revisions\/10185"}],"wp:featuredmedia":[{"embeddable":true,"href":"https:\/\/lo6.szczecin.pl\/index.php\/wp-json\/wp\/v2\/media\/10183"}],"wp:attachment":[{"href":"https:\/\/lo6.szczecin.pl\/index.php\/wp-json\/wp\/v2\/media?parent=10182"}],"wp:term":[{"taxonomy":"category","embeddable":true,"href":"https:\/\/lo6.szczecin.pl\/index.php\/wp-json\/wp\/v2\/categories?post=10182"},{"taxonomy":"post_tag","embeddable":true,"href":"https:\/\/lo6.szczecin.pl\/index.php\/wp-json\/wp\/v2\/tags?post=10182"}],"curies":[{"name":"wp","href":"https:\/\/api.w.org\/{rel}","templated":true}]}}