{"id":10176,"date":"2021-06-23T08:05:33","date_gmt":"2021-06-23T06:05:33","guid":{"rendered":"https:\/\/lo6.szczecin.pl\/?p=10176"},"modified":"2021-06-23T08:46:11","modified_gmt":"2021-06-23T06:46:11","slug":"zakonczenie-roku-szkolnego","status":"publish","type":"post","link":"https:\/\/lo6.szczecin.pl\/index.php\/2021\/06\/23\/zakonczenie-roku-szkolnego\/","title":{"rendered":"Zako\u0144czenie roku szkolnego"},"content":{"rendered":"<p style=\"padding-left: 40px;\">Harmonogram zako\u0144czenia roku dla uczni\u00f3w klas I i II:<\/p>\n<ol>\n<li style=\"list-style-type: none;\">\n<ol>\n<li>godzina 9.30 &#8211; uroczyste wr\u0119czenie medali, nagr\u00f3d, list\u00f3w gratulacyjnych i \u015bwiadectw z wyr\u00f3\u017cnieniem w sali 20-21 VI LO<\/li>\n<li>godzina 8.30 &#8211; wr\u0119czanie \u015bwiadectw promocyjnych dla uczni\u00f3w klas 1b i 1c<\/li>\n<li>godzina 11.00 &#8211; wr\u0119czanie \u015bwiadectw promocyjnych dla uczni\u00f3w pozosta\u0142ych klas (opr\u00f3cz kl. 1b i 1c):<\/li>\n<\/ol>\n<\/li>\n<\/ol>\n<p>&nbsp;<\/p>\n<table style=\"width: 910.8px; margin-left: 40px;\" border=\"1\">\n<tbody>\n<tr>\n<td style=\"padding-left: 40px; text-align: center; width: 95.4px;\"><strong>Klasa<\/strong><\/td>\n<td style=\"padding-left: 40px; text-align: center; width: 216.2px;\"><strong>Miejsce<\/strong><\/td>\n<td style=\"padding-left: 40px; text-align: center; width: 321.8px;\"><strong>Wychowawca<\/strong><\/td>\n<\/tr>\n<tr style=\"padding-left: 40px;\">\n<td style=\"padding-left: 40px; width: 95.4px;\">\n<p style=\"padding-left: 40px;\">1 A<\/p>\n<\/td>\n<td style=\"padding-left: 40px; width: 216.2px;\">sala 23<\/td>\n<td style=\"padding-left: 40px; width: 321.8px;\">\n<p style=\"padding-left: 40px;\">Paulina Hajdamowicz<\/p>\n<\/td>\n<\/tr>\n<tr style=\"padding-left: 40px;\">\n<td style=\"padding-left: 40px; width: 95.4px;\">\n<p style=\"padding-left: 40px;\">1 B<\/p>\n<\/td>\n<td style=\"padding-left: 40px; width: 216.2px;\">sala 2<\/td>\n<td style=\"padding-left: 40px; width: 321.8px;\">\n<p style=\"padding-left: 40px;\">Marzena Skrzy\u0144ska<\/p>\n<\/td>\n<\/tr>\n<tr style=\"padding-left: 40px;\">\n<td style=\"padding-left: 40px; width: 95.4px;\">\n<p style=\"padding-left: 40px;\">1 C<\/p>\n<\/td>\n<td style=\"padding-left: 40px; width: 216.2px;\">sala 24<\/td>\n<td style=\"padding-left: 40px; width: 321.8px;\">\n<p style=\"padding-left: 40px;\">Magdalena Bohonos<\/p>\n<\/td>\n<\/tr>\n<tr style=\"padding-left: 40px;\">\n<td style=\"padding-left: 40px; width: 95.4px;\">\n<p style=\"padding-left: 40px;\">2 A<\/p>\n<\/td>\n<td style=\"padding-left: 40px; width: 216.2px;\">sala 21<\/td>\n<td style=\"padding-left: 40px; width: 321.8px;\">\n<p style=\"padding-left: 40px;\">Beata Przybylska-Jankowska<\/p>\n<\/td>\n<\/tr>\n<tr style=\"padding-left: 40px;\">\n<td style=\"padding-left: 40px; width: 95.4px;\">\n<p style=\"padding-left: 40px;\">2 B1<\/p>\n<\/td>\n<td style=\"padding-left: 40px; width: 216.2px;\">sala 13<\/td>\n<td style=\"padding-left: 40px; width: 321.8px;\">\n<p style=\"padding-left: 40px;\">Agnieszka Andrzejuk<\/p>\n<\/td>\n<\/tr>\n<tr style=\"padding-left: 40px;\">\n<td style=\"padding-left: 40px; width: 95.4px;\">\n<p style=\"padding-left: 40px;\">2 B2<\/p>\n<\/td>\n<td style=\"padding-left: 40px; width: 216.2px;\">sala 4<\/td>\n<td style=\"padding-left: 40px; width: 321.8px;\">\n<p style=\"padding-left: 40px;\">Monika \u0141uczak<\/p>\n<\/td>\n<\/tr>\n<tr style=\"padding-left: 40px;\">\n<td style=\"padding-left: 40px; width: 95.4px;\">\n<p style=\"padding-left: 40px;\">2 C<\/p>\n<\/td>\n<td style=\"padding-left: 40px; width: 216.2px;\">sala 14<\/td>\n<td style=\"padding-left: 40px; width: 321.8px;\">\n<p style=\"padding-left: 40px;\">Jolanta Rosiak<\/p>\n<\/td>\n<\/tr>\n<tr style=\"padding-left: 40px;\">\n<td style=\"padding-left: 40px; width: 95.4px;\">\n<p style=\"padding-left: 40px;\">2 GA<\/p>\n<\/td>\n<td style=\"padding-left: 40px; width: 216.2px;\">sala 7<\/td>\n<td style=\"padding-left: 40px; width: 321.8px;\">\n<p style=\"padding-left: 40px;\">Agnieszka \u017begli\u0144ska<\/p>\n<\/td>\n<\/tr>\n<tr style=\"padding-left: 40px;\">\n<td style=\"padding-left: 40px; width: 95.4px;\">\n<p style=\"padding-left: 40px;\">2 GB1<\/p>\n<\/td>\n<td style=\"padding-left: 40px; width: 216.2px;\">sala 5<\/td>\n<td style=\"padding-left: 40px; width: 321.8px;\">\n<p style=\"padding-left: 40px;\">Anna Kokot<\/p>\n<\/td>\n<\/tr>\n<tr style=\"padding-left: 40px;\">\n<td style=\"padding-left: 40px; width: 95.4px;\">\n<p style=\"padding-left: 40px;\">2 GB2<\/p>\n<\/td>\n<td style=\"padding-left: 40px; width: 216.2px;\">sala 25<\/td>\n<td style=\"padding-left: 40px; width: 321.8px;\">\n<p style=\"padding-left: 40px;\">Teresa Witkiewicz<\/p>\n<\/td>\n<\/tr>\n<tr style=\"padding-left: 40px;\">\n<td style=\"padding-left: 40px; width: 95.4px;\">\n<p style=\"padding-left: 40px;\">2 GC<\/p>\n<\/td>\n<td style=\"padding-left: 40px; width: 216.2px;\">sala 22<\/td>\n<td style=\"padding-left: 40px; width: 321.8px;\">\n<p style=\"padding-left: 40px;\">Barbara Kowalska<\/p>\n<\/td>\n<\/tr>\n<\/tbody>\n<\/table>\n<p>&nbsp;<\/p>\n<p>&nbsp;<\/p>\n","protected":false},"excerpt":{"rendered":"<p>Harmonogram zako\u0144czenia roku dla uczni\u00f3w klas I i II: godzina 9.30 &#8211; uroczyste wr\u0119czenie medali, nagr\u00f3d, list\u00f3w gratulacyjnych i \u015bwiadectw z wyr\u00f3\u017cnieniem w sali 20-21 VI LO godzina 8.30 &#8211; wr\u0119czanie \u015bwiadectw promocyjnych dla uczni\u00f3w klas 1b i 1c godzina 11.00 &#8211; wr\u0119czanie \u015bwiadectw promocyjnych dla uczni\u00f3w pozosta\u0142ych klas (opr\u00f3cz kl. 1b i 1c): &nbsp;&#8230;<\/p>\n","protected":false},"author":4,"featured_media":9334,"comment_status":"closed","ping_status":"closed","sticky":false,"template":"","format":"gallery","meta":{"_acf_changed":false,"_s2mail":"","footnotes":""},"categories":[1],"tags":[],"class_list":["post-10176","post","type-post","status-publish","format-gallery","has-post-thumbnail","hentry","category-bez-kategorii","post_format-post-format-gallery"],"acf":[],"_links":{"self":[{"href":"https:\/\/lo6.szczecin.pl\/index.php\/wp-json\/wp\/v2\/posts\/10176","targetHints":{"allow":["GET"]}}],"collection":[{"href":"https:\/\/lo6.szczecin.pl\/index.php\/wp-json\/wp\/v2\/posts"}],"about":[{"href":"https:\/\/lo6.szczecin.pl\/index.php\/wp-json\/wp\/v2\/types\/post"}],"author":[{"embeddable":true,"href":"https:\/\/lo6.szczecin.pl\/index.php\/wp-json\/wp\/v2\/users\/4"}],"replies":[{"embeddable":true,"href":"https:\/\/lo6.szczecin.pl\/index.php\/wp-json\/wp\/v2\/comments?post=10176"}],"version-history":[{"count":4,"href":"https:\/\/lo6.szczecin.pl\/index.php\/wp-json\/wp\/v2\/posts\/10176\/revisions"}],"predecessor-version":[{"id":10180,"href":"https:\/\/lo6.szczecin.pl\/index.php\/wp-json\/wp\/v2\/posts\/10176\/revisions\/10180"}],"wp:featuredmedia":[{"embeddable":true,"href":"https:\/\/lo6.szczecin.pl\/index.php\/wp-json\/wp\/v2\/media\/9334"}],"wp:attachment":[{"href":"https:\/\/lo6.szczecin.pl\/index.php\/wp-json\/wp\/v2\/media?parent=10176"}],"wp:term":[{"taxonomy":"category","embeddable":true,"href":"https:\/\/lo6.szczecin.pl\/index.php\/wp-json\/wp\/v2\/categories?post=10176"},{"taxonomy":"post_tag","embeddable":true,"href":"https:\/\/lo6.szczecin.pl\/index.php\/wp-json\/wp\/v2\/tags?post=10176"}],"curies":[{"name":"wp","href":"https:\/\/api.w.org\/{rel}","templated":true}]}}