{"id":10170,"date":"2021-06-22T13:47:37","date_gmt":"2021-06-22T11:47:37","guid":{"rendered":"https:\/\/lo6.szczecin.pl\/?p=10170"},"modified":"2021-06-22T13:48:15","modified_gmt":"2021-06-22T11:48:15","slug":"zagrala-w-nas-muzyka","status":"publish","type":"post","link":"https:\/\/lo6.szczecin.pl\/index.php\/2021\/06\/22\/zagrala-w-nas-muzyka\/","title":{"rendered":"Zagra\u0142a w nas muzyka"},"content":{"rendered":"<p style=\"padding-left: 40px;\">Co prawda warsztaty wokalne ju\u017c za nami, ale g\u0142osy uczni\u00f3w prowadzonych przez Antoni\u0119 Janczak tak \u015bwietnie zabrzmia\u0142y, \u017ce by\u0107 mo\u017ce od wrze\u015bnia zaczniemy regularne pr\u00f3by! Pos\u0142uchajcie jak muzyka wype\u0142ni\u0142a mury szko\u0142y.<\/p>\n<p style=\"padding-left: 40px;\"><iframe loading=\"lazy\" src=\"\/\/www.youtube.com\/embed\/pJbWtCPTs-M\" width=\"560\" height=\"314\" allowfullscreen=\"allowfullscreen\"><\/iframe><\/p>\n<p style=\"padding-left: 40px;\">Serdecznie dzi\u0119kujemy uczestnikom,\u00a0 Pani Gra\u017cynce, kt\u00f3ra udost\u0119pni\u0142a bibliotek\u0119 oraz oczywi\u015bcie samej prowadz\u0105cej.<\/p>\n<p style=\"padding-left: 40px;\">Rada Rodzic\u00f3w VI LO w Szczecinie.<\/p>\n<p>&nbsp;<\/p>\n","protected":false},"excerpt":{"rendered":"<p>Co prawda warsztaty wokalne ju\u017c za nami, ale g\u0142osy uczni\u00f3w prowadzonych przez Antoni\u0119 Janczak tak \u015bwietnie zabrzmia\u0142y, \u017ce by\u0107 mo\u017ce od wrze\u015bnia zaczniemy regularne pr\u00f3by! Pos\u0142uchajcie jak muzyka wype\u0142ni\u0142a mury szko\u0142y. Serdecznie dzi\u0119kujemy uczestnikom,\u00a0 Pani Gra\u017cynce, kt\u00f3ra udost\u0119pni\u0142a bibliotek\u0119 oraz oczywi\u015bcie samej prowadz\u0105cej. Rada Rodzic\u00f3w VI LO w Szczecinie. &nbsp;<\/p>\n","protected":false},"author":3,"featured_media":10171,"comment_status":"closed","ping_status":"closed","sticky":false,"template":"","format":"standard","meta":{"_acf_changed":false,"_s2mail":"","footnotes":""},"categories":[1],"tags":[],"class_list":["post-10170","post","type-post","status-publish","format-standard","has-post-thumbnail","hentry","category-bez-kategorii"],"acf":[],"_links":{"self":[{"href":"https:\/\/lo6.szczecin.pl\/index.php\/wp-json\/wp\/v2\/posts\/10170","targetHints":{"allow":["GET"]}}],"collection":[{"href":"https:\/\/lo6.szczecin.pl\/index.php\/wp-json\/wp\/v2\/posts"}],"about":[{"href":"https:\/\/lo6.szczecin.pl\/index.php\/wp-json\/wp\/v2\/types\/post"}],"author":[{"embeddable":true,"href":"https:\/\/lo6.szczecin.pl\/index.php\/wp-json\/wp\/v2\/users\/3"}],"replies":[{"embeddable":true,"href":"https:\/\/lo6.szczecin.pl\/index.php\/wp-json\/wp\/v2\/comments?post=10170"}],"version-history":[{"count":3,"href":"https:\/\/lo6.szczecin.pl\/index.php\/wp-json\/wp\/v2\/posts\/10170\/revisions"}],"predecessor-version":[{"id":10174,"href":"https:\/\/lo6.szczecin.pl\/index.php\/wp-json\/wp\/v2\/posts\/10170\/revisions\/10174"}],"wp:featuredmedia":[{"embeddable":true,"href":"https:\/\/lo6.szczecin.pl\/index.php\/wp-json\/wp\/v2\/media\/10171"}],"wp:attachment":[{"href":"https:\/\/lo6.szczecin.pl\/index.php\/wp-json\/wp\/v2\/media?parent=10170"}],"wp:term":[{"taxonomy":"category","embeddable":true,"href":"https:\/\/lo6.szczecin.pl\/index.php\/wp-json\/wp\/v2\/categories?post=10170"},{"taxonomy":"post_tag","embeddable":true,"href":"https:\/\/lo6.szczecin.pl\/index.php\/wp-json\/wp\/v2\/tags?post=10170"}],"curies":[{"name":"wp","href":"https:\/\/api.w.org\/{rel}","templated":true}]}}