{"id":10136,"date":"2021-06-21T23:14:03","date_gmt":"2021-06-21T21:14:03","guid":{"rendered":"https:\/\/lo6.szczecin.pl\/?p=10136"},"modified":"2021-06-21T23:17:56","modified_gmt":"2021-06-21T21:17:56","slug":"ach-co-to-byl-za-teatr","status":"publish","type":"post","link":"https:\/\/lo6.szczecin.pl\/index.php\/2021\/06\/21\/ach-co-to-byl-za-teatr\/","title":{"rendered":"Ach co to by\u0142 za teatr!"},"content":{"rendered":"<p style=\"padding-left: 40px;\">Warsztaty teatralne z Markiem Ko\u015bci\u00f3\u0142kiem i Marcinem P\u0142awskim ju\u017c niestety za nami. Ale ogromne zainteresowanie uczni\u00f3w i to co si\u0119 dzia\u0142o na samych zaj\u0119ciach otwiera drog\u0119 do stworzenia prawdziwego teatru w VI LO w Szczecinie ju\u017c od nowego roku szkolnego. Trzymamy kciuki za inicjatyw\u0119 i \u015bwietnych aktor\u00f3w. A dzi\u015b zapraszamy do obejrzenia relacji filmowej w warsztat\u00f3w.<\/p>\n<p style=\"padding-left: 40px;\"><iframe loading=\"lazy\" src=\"\/\/www.youtube.com\/embed\/3Pc22lOE9dg\" width=\"560\" height=\"314\" allowfullscreen=\"allowfullscreen\"><\/iframe><\/p>\n<p style=\"padding-left: 40px;\">Za pomoc w organizacji warsztat\u00f3w serdecznie dzi\u0119kujemy Pani Gra\u017cynie\u00a0Nadziejko-Jura\u00a0 i Pani Magdalenie Falkowskiej-Kleszcz.<\/p>\n<p style=\"padding-left: 40px;\">Rada Rodzic\u00f3w VI LO w Szczecinie<\/p>\n","protected":false},"excerpt":{"rendered":"<p>Warsztaty teatralne z Markiem Ko\u015bci\u00f3\u0142kiem i Marcinem P\u0142awskim ju\u017c niestety za nami. Ale ogromne zainteresowanie uczni\u00f3w i to co si\u0119 dzia\u0142o na samych zaj\u0119ciach otwiera drog\u0119 do stworzenia prawdziwego teatru w VI LO w Szczecinie ju\u017c od nowego roku szkolnego. Trzymamy kciuki za inicjatyw\u0119 i \u015bwietnych aktor\u00f3w. A dzi\u015b zapraszamy do obejrzenia relacji filmowej w&#8230;<\/p>\n","protected":false},"author":3,"featured_media":10137,"comment_status":"closed","ping_status":"closed","sticky":false,"template":"","format":"standard","meta":{"_acf_changed":false,"_s2mail":"","footnotes":""},"categories":[1],"tags":[],"class_list":["post-10136","post","type-post","status-publish","format-standard","has-post-thumbnail","hentry","category-bez-kategorii"],"acf":[],"_links":{"self":[{"href":"https:\/\/lo6.szczecin.pl\/index.php\/wp-json\/wp\/v2\/posts\/10136","targetHints":{"allow":["GET"]}}],"collection":[{"href":"https:\/\/lo6.szczecin.pl\/index.php\/wp-json\/wp\/v2\/posts"}],"about":[{"href":"https:\/\/lo6.szczecin.pl\/index.php\/wp-json\/wp\/v2\/types\/post"}],"author":[{"embeddable":true,"href":"https:\/\/lo6.szczecin.pl\/index.php\/wp-json\/wp\/v2\/users\/3"}],"replies":[{"embeddable":true,"href":"https:\/\/lo6.szczecin.pl\/index.php\/wp-json\/wp\/v2\/comments?post=10136"}],"version-history":[{"count":3,"href":"https:\/\/lo6.szczecin.pl\/index.php\/wp-json\/wp\/v2\/posts\/10136\/revisions"}],"predecessor-version":[{"id":10140,"href":"https:\/\/lo6.szczecin.pl\/index.php\/wp-json\/wp\/v2\/posts\/10136\/revisions\/10140"}],"wp:featuredmedia":[{"embeddable":true,"href":"https:\/\/lo6.szczecin.pl\/index.php\/wp-json\/wp\/v2\/media\/10137"}],"wp:attachment":[{"href":"https:\/\/lo6.szczecin.pl\/index.php\/wp-json\/wp\/v2\/media?parent=10136"}],"wp:term":[{"taxonomy":"category","embeddable":true,"href":"https:\/\/lo6.szczecin.pl\/index.php\/wp-json\/wp\/v2\/categories?post=10136"},{"taxonomy":"post_tag","embeddable":true,"href":"https:\/\/lo6.szczecin.pl\/index.php\/wp-json\/wp\/v2\/tags?post=10136"}],"curies":[{"name":"wp","href":"https:\/\/api.w.org\/{rel}","templated":true}]}}