{"id":10086,"date":"2021-05-31T22:13:50","date_gmt":"2021-05-31T20:13:50","guid":{"rendered":"https:\/\/lo6.szczecin.pl\/?p=10086"},"modified":"2021-06-09T10:22:50","modified_gmt":"2021-06-09T08:22:50","slug":"robimy-teatr-zglos-sie-na-warsztaty-z-markiem-kosciolkiem","status":"publish","type":"post","link":"https:\/\/lo6.szczecin.pl\/index.php\/2021\/05\/31\/robimy-teatr-zglos-sie-na-warsztaty-z-markiem-kosciolkiem\/","title":{"rendered":"Robimy Teatr! Zg\u0142o\u015b si\u0119 na warsztaty z Markiem Ko\u015bci\u00f3\u0142kiem"},"content":{"rendered":"<h4 style=\"padding-left: 40px;\">Warsztaty teatralne z Markiem Ko\u015bci\u00f3\u0142kiem w LO 6<\/h4>\n<h4 style=\"padding-left: 40px;\"><strong>11 czerwca (pi\u0105tek) godz. 12.\u00a0<\/strong><\/h4>\n<h4 style=\"padding-left: 40px;\">Liczba miejsc ograniczona, zg\u0142oszenia w bibliotece do 9 czerwca.<\/h4>\n<p style=\"padding-left: 40px;\">UWAGA TECHNICZNA &#8211; Ubieramy rzeczy swobodne plus mi\u0119kkie obuwie<\/p>\n<blockquote>\n<p style=\"padding-left: 40px;\"><em>&#8220;Warsztaty &#8211; czyli spotkanie autorskie&#8221;.<\/em><\/p>\n<p style=\"padding-left: 40px;\"><em>Skupimy si\u0119 na pracy zespo\u0142owej. Przez zabaw\u0119 i inne dzia\u0142ania, rozmowy, inicjatywy oraz kreacje tw\u00f3rcze przyjrzymy si\u0119 sobie i grupie. Sztuka wymaga od nas ci\u0105g\u0142ych pyta\u0144 o siebie, o \u015bwiat i o nasze relacje z drugim cz\u0142owiekiem. To r\u00f3wnie\u017c element naszego wsp\u00f3lnego spotkania i tego warsztatu. B\u0105d\u017acie gotowi i naturalni. To wszystko.<\/em><\/p>\n<p style=\"padding-left: 40px;\"><em>Zapraszam<\/em><\/p>\n<p style=\"padding-left: 40px;\"><em>Marek Ko\u015bci\u00f3\u0142ek<\/em><\/p>\n<\/blockquote>\n<p style=\"padding-left: 40px;\"><strong><img loading=\"lazy\" decoding=\"async\" class=\"alignnone size-medium wp-image-10088\" src=\"https:\/\/lo6.szczecin.pl\/wp-content\/uploads\/2021\/05\/Marek-K.-1-300x200.jpg\" alt=\"\" width=\"300\" height=\"200\" srcset=\"https:\/\/lo6.szczecin.pl\/wp-content\/uploads\/2021\/05\/Marek-K.-1-300x200.jpg 300w, https:\/\/lo6.szczecin.pl\/wp-content\/uploads\/2021\/05\/Marek-K.-1-768x512.jpg 768w, https:\/\/lo6.szczecin.pl\/wp-content\/uploads\/2021\/05\/Marek-K.-1.jpg 960w\" sizes=\"auto, (max-width: 300px) 100vw, 300px\" \/><\/strong><\/p>\n<p style=\"padding-left: 40px;\"><strong>Marek Ko\u015bci\u00f3\u0142ek<\/strong>\u00a0&#8211; praktyk teatru autorskiego. Pedagog, edukator, tw\u00f3rca i re\u017cyser Teatru Krzyk. Wsp\u00f3\u0142za\u0142o\u017cyciel Zachodniopomorskiej Offensywy Teatralnej &#8211; konsolidacji grup autorskich z terenu wojew\u00f3dztwa zachodniopomorskiego.\u00a0Absolwent Uniwersytetu Szczeci\u0144skiego, Akademii Praktyk Teatralnych Gardzienice oraz Podyplomowych Studi\u00f3w Re\u017cyserii Teatru Dzieci i M\u0142odzie\u017cy na Akademii Sztuk Teatralnych we Wroc\u0142awiu. Prowadzi warsztaty oraz autorskie szkolenia artystyczne kierowane do r\u00f3\u017cnych grup odbiorc\u00f3w: praktyk\u00f3w teatralnych, m\u0142odzie\u017cy i student\u00f3w, wychowank\u00f3w plac\u00f3wek szkolno-wychowawczych, os\u00f3b z niepe\u0142nosprawno\u015bciami. Pracuje r\u00f3wnie\u017c z osadzonymi. Juroruje na festiwalach og\u00f3lnopolskich i mi\u0119dzynarodowych. Wsp\u00f3\u0142pracuje z o\u015brodkami i artystami m.in. w Niemczech, S\u0142owenii, S\u0142owacji, Albanii,\u00a0Grecji, Bu\u0142garii, Ukrainie, Rosji, Szwecji, Azerbejd\u017canie, Czechach, Gruzji oraz w Iranie.\u00a0Jest wsp\u00f3\u0142tw\u00f3rc\u0105 autorskich program\u00f3w wspieraj\u0105cych dzia\u0142ania na rzecz ma\u0142ych spo\u0142eczno\u015bci lokalnych.<\/p>\n<p>Organizatorem warsztat\u00f3w jest Rada Rodzic\u00f3w<\/p>\n","protected":false},"excerpt":{"rendered":"<p>Warsztaty teatralne z Markiem Ko\u015bci\u00f3\u0142kiem w LO 6 11 czerwca (pi\u0105tek) godz. 12.\u00a0 Liczba miejsc ograniczona, zg\u0142oszenia w bibliotece do 9 czerwca. UWAGA TECHNICZNA &#8211; Ubieramy rzeczy swobodne plus mi\u0119kkie obuwie &#8220;Warsztaty &#8211; czyli spotkanie autorskie&#8221;. Skupimy si\u0119 na pracy zespo\u0142owej. Przez zabaw\u0119 i inne dzia\u0142ania, rozmowy, inicjatywy oraz kreacje tw\u00f3rcze przyjrzymy si\u0119 sobie i&#8230;<\/p>\n","protected":false},"author":3,"featured_media":10087,"comment_status":"closed","ping_status":"closed","sticky":false,"template":"","format":"standard","meta":{"_acf_changed":false,"_s2mail":"","footnotes":""},"categories":[1],"tags":[],"class_list":["post-10086","post","type-post","status-publish","format-standard","has-post-thumbnail","hentry","category-bez-kategorii"],"acf":[],"_links":{"self":[{"href":"https:\/\/lo6.szczecin.pl\/index.php\/wp-json\/wp\/v2\/posts\/10086","targetHints":{"allow":["GET"]}}],"collection":[{"href":"https:\/\/lo6.szczecin.pl\/index.php\/wp-json\/wp\/v2\/posts"}],"about":[{"href":"https:\/\/lo6.szczecin.pl\/index.php\/wp-json\/wp\/v2\/types\/post"}],"author":[{"embeddable":true,"href":"https:\/\/lo6.szczecin.pl\/index.php\/wp-json\/wp\/v2\/users\/3"}],"replies":[{"embeddable":true,"href":"https:\/\/lo6.szczecin.pl\/index.php\/wp-json\/wp\/v2\/comments?post=10086"}],"version-history":[{"count":4,"href":"https:\/\/lo6.szczecin.pl\/index.php\/wp-json\/wp\/v2\/posts\/10086\/revisions"}],"predecessor-version":[{"id":10103,"href":"https:\/\/lo6.szczecin.pl\/index.php\/wp-json\/wp\/v2\/posts\/10086\/revisions\/10103"}],"wp:featuredmedia":[{"embeddable":true,"href":"https:\/\/lo6.szczecin.pl\/index.php\/wp-json\/wp\/v2\/media\/10087"}],"wp:attachment":[{"href":"https:\/\/lo6.szczecin.pl\/index.php\/wp-json\/wp\/v2\/media?parent=10086"}],"wp:term":[{"taxonomy":"category","embeddable":true,"href":"https:\/\/lo6.szczecin.pl\/index.php\/wp-json\/wp\/v2\/categories?post=10086"},{"taxonomy":"post_tag","embeddable":true,"href":"https:\/\/lo6.szczecin.pl\/index.php\/wp-json\/wp\/v2\/tags?post=10086"}],"curies":[{"name":"wp","href":"https:\/\/api.w.org\/{rel}","templated":true}]}}