{"id":10082,"date":"2021-05-28T08:29:25","date_gmt":"2021-05-28T06:29:25","guid":{"rendered":"https:\/\/lo6.szczecin.pl\/?p=10082"},"modified":"2021-05-28T08:52:51","modified_gmt":"2021-05-28T06:52:51","slug":"konferencja-etyka-w-technologii","status":"publish","type":"post","link":"https:\/\/lo6.szczecin.pl\/index.php\/2021\/05\/28\/konferencja-etyka-w-technologii\/","title":{"rendered":"Konferencja &#8220;Etyka w technologii&#8221;"},"content":{"rendered":"<div class=\"\" data-block=\"true\" data-editor=\"66r0n\" data-offset-key=\"b1ren-0-0\">\n<div class=\"_1mf _1mj\" style=\"padding-left: 40px;\" data-offset-key=\"b1ren-0-0\"><span data-offset-key=\"b1ren-0-0\">Serdecznie zapraszamy do wzi\u0119cia udzia\u0142u w webinarium przeznaczonym dla m\u0142odego pokolenia, pt. &#8220;Etyka w technologii i Internecie&#8221;, organizowanego w ramach Szczytu Cyfrowego ONZ, kt\u00f3re odb\u0119dzie si\u0119 31 maja 2021 r. w g. 15-17. <\/span><\/div>\n<\/div>\n<div class=\"\" style=\"padding-left: 40px;\" data-block=\"true\" data-editor=\"66r0n\" data-offset-key=\"fcvd4-0-0\">\n<div class=\"_1mf _1mj\" style=\"padding-left: 40px;\" data-offset-key=\"fcvd4-0-0\"><span data-offset-key=\"fcvd4-0-0\">\u00a0<\/span><\/div>\n<\/div>\n<div class=\"\" style=\"padding-left: 40px;\" data-block=\"true\" data-editor=\"66r0n\" data-offset-key=\"lnsg-0-0\">\n<div class=\"_1mf _1mj\" style=\"padding-left: 40px;\" data-offset-key=\"lnsg-0-0\"><span data-offset-key=\"lnsg-0-0\">Dowiecie si\u0119 mi\u0119dzy innymi:<\/span><\/div>\n<\/div>\n<div class=\"\" style=\"padding-left: 40px;\" data-block=\"true\" data-editor=\"66r0n\" data-offset-key=\"64dac-0-0\">\n<div class=\"_1mf _1mj\" style=\"padding-left: 40px;\" data-offset-key=\"64dac-0-0\"><span data-offset-key=\"64dac-0-0\">\u00a0<\/span><\/div>\n<\/div>\n<div class=\"\" style=\"padding-left: 40px;\" data-block=\"true\" data-editor=\"66r0n\" data-offset-key=\"fh513-0-0\">\n<div class=\"_1mf _1mj\" style=\"padding-left: 40px;\" data-offset-key=\"fh513-0-0\"><span data-offset-key=\"fh513-0-0\"> * Co na temat sztucznej inteligencji my\u015bl\u0105 doradca rz\u0105du egipskiego, polski doradca OECD i minister Piotr Mazurek?<\/span><\/div>\n<\/div>\n<div class=\"\" style=\"padding-left: 40px;\" data-block=\"true\" data-editor=\"66r0n\" data-offset-key=\"7rc6l-0-0\">\n<div class=\"_1mf _1mj\" style=\"padding-left: 40px;\" data-offset-key=\"7rc6l-0-0\"><span data-offset-key=\"7rc6l-0-0\"> * Dlaczego najpopularniejszy robot na \u015bwiecie zgodzi\u0142 si\u0119 przyj\u0105\u0107 zaproszenie na wydarzenie?<\/span><\/div>\n<\/div>\n<div class=\"\" style=\"padding-left: 40px;\" data-block=\"true\" data-editor=\"66r0n\" data-offset-key=\"3hl2j-0-0\">\n<div class=\"_1mf _1mj\" style=\"padding-left: 40px;\" data-offset-key=\"3hl2j-0-0\"><span data-offset-key=\"3hl2j-0-0\"> * Co polska m\u0142odzie\u017c ma wsp\u00f3lnego ze etyczn\u0105 sztuczn\u0105 inteligencj\u0105?<\/span><\/div>\n<\/div>\n<div class=\"\" style=\"padding-left: 40px;\" data-block=\"true\" data-editor=\"66r0n\" data-offset-key=\"6hhs-0-0\">\n<div class=\"_1mf _1mj\" style=\"padding-left: 40px;\" data-offset-key=\"6hhs-0-0\"><span data-offset-key=\"6hhs-0-0\">\u00a0<\/span><\/div>\n<\/div>\n<div class=\"\" style=\"padding-left: 40px;\" data-block=\"true\" data-editor=\"66r0n\" data-offset-key=\"fjj6s-0-0\">\n<div class=\"_1mf _1mj\" style=\"padding-left: 40px;\" data-offset-key=\"fjj6s-0-0\"><span data-offset-key=\"fjj6s-0-0\">Podczas wydarzenia przedstawiciele Youth IGF opowiedz\u0105 o tym, jak zaanga\u017cowa\u0107 si\u0119 w globalnych ruch Youth IGF a tak\u017ce wsp\u00f3lnie z entuzjastami z ca\u0142ego \u015bwiata tworzy\u0107 propozycje zmian legislacyjnych oraz rz\u0105dowych projekt\u00f3w w zakresie technologii i internetu.<\/span><\/div>\n<\/div>\n<div class=\"\" style=\"padding-left: 40px;\" data-block=\"true\" data-editor=\"66r0n\" data-offset-key=\"hc20-0-0\">\n<div class=\"_1mf _1mj\" style=\"padding-left: 40px;\" data-offset-key=\"hc20-0-0\"><span data-offset-key=\"hc20-0-0\">\u00a0<\/span><\/div>\n<\/div>\n<div class=\"\" style=\"padding-left: 40px;\" data-block=\"true\" data-editor=\"66r0n\" data-offset-key=\"27m87-0-0\">\n<div class=\"_1mf _1mj\" style=\"padding-left: 40px;\" data-offset-key=\"27m87-0-0\"><span data-offset-key=\"27m87-0-0\">W\u015br\u00f3d prelegent\u00f3w znajd\u0105 si\u0119 m.in. Robert Kroplewski &#8211; pe\u0142nomocnik Ministra Cyfryzacji ds. spo\u0142ecze\u0144stwa informacyjnego, polski ekspert ds. etycznej AI w OECD, Komisji Europejskiej i UNESCO, Sally Radwan &#8211; doradca Ministra Komunikacji i Technologii Informacyjnych w Egipcie oraz przedstawiciele ONZ.<\/span><\/div>\n<\/div>\n<div class=\"\" style=\"padding-left: 40px;\" data-block=\"true\" data-editor=\"66r0n\" data-offset-key=\"kqea-0-0\">\n<div class=\"_1mf _1mj\" style=\"padding-left: 40px;\" data-offset-key=\"kqea-0-0\"><span data-offset-key=\"kqea-0-0\">\u00a0<\/span><\/div>\n<\/div>\n<div class=\"\" style=\"padding-left: 40px;\" data-block=\"true\" data-editor=\"66r0n\" data-offset-key=\"ec5f9-0-0\">\n<div class=\"_1mf _1mj\" style=\"padding-left: 40px;\" data-offset-key=\"ec5f9-0-0\"><span data-offset-key=\"ec5f9-0-0\">Organizatorami konferencji s\u0105 Pe\u0142nomocnik Rz\u0105du ds. polityki m\u0142odzie\u017cowej Piotr Mazurek, Youth IGF Poland oraz Rada Dialogu z M\u0142odym Pokoleniem, we wsp\u00f3\u0142pracy z TrendHouse.org. Wydarzenie odb\u0119dzie si\u0119 po angielsku.<\/span><\/div>\n<\/div>\n<div class=\"\" style=\"padding-left: 40px;\" data-block=\"true\" data-editor=\"66r0n\" data-offset-key=\"1l72k-0-0\">\n<div class=\"_1mf _1mj\" style=\"padding-left: 40px;\" data-offset-key=\"1l72k-0-0\"><span data-offset-key=\"1l72k-0-0\">\u00a0<\/span><\/div>\n<\/div>\n<div class=\"\" style=\"padding-left: 40px;\" data-block=\"true\" data-editor=\"66r0n\" data-offset-key=\"ehluv-0-0\">\n<div class=\"_1mf _1mj\" style=\"padding-left: 40px;\" data-offset-key=\"ehluv-0-0\"><span data-offset-key=\"ehluv-0-0\">Udzia\u0142 w wydarzeniu jest darmowy, wymagana jest <a href=\"https:\/\/bit.ly\/3yChVlO&lt; https:\/\/linkprotect.cudasvc.com\/url?a=https%3a%2f%2fbit.ly%2f3yChVlO&amp;c=E,1,EMnJGwB2iO2nbpM4oyr1isPMoyKcYDi_ryT21vM0Q-FEC8A0vlA-nOAOwQUOruUBMqfV0hnMpWxXAsikoh26MZyi5ebGmSLz0wvjHp8WCQ,,&amp;typo=1\">rejestracja<\/a>.\u00a0<\/span><\/div>\n<\/div>\n<div class=\"\" style=\"padding-left: 40px;\" data-block=\"true\" data-editor=\"66r0n\" data-offset-key=\"kilf-0-0\">\n<div class=\"_1mf _1mj\" style=\"padding-left: 40px;\" data-offset-key=\"kilf-0-0\"><\/div>\n<\/div>\n<div class=\"\" style=\"padding-left: 40px;\" data-block=\"true\" data-editor=\"66r0n\" data-offset-key=\"12afg-0-0\">\n<div class=\"_1mf _1mj\" style=\"padding-left: 40px;\" data-offset-key=\"12afg-0-0\"><span data-offset-key=\"12afg-0-0\">Wydarzenie na facebooku dost\u0119pne <a href=\"https:\/\/www.facebook.com\/events\/922918581840390\">pod tym linkiem<\/a>.<\/span><\/div>\n<\/div>\n<div class=\"\" style=\"padding-left: 40px;\" data-block=\"true\" data-editor=\"66r0n\" data-offset-key=\"5jogj-0-0\">\n<div class=\"_1mf _1mj\" style=\"padding-left: 40px;\" data-offset-key=\"5jogj-0-0\"><span data-offset-key=\"5jogj-0-0\">\u00a0<\/span><\/div>\n<\/div>\n<div class=\"\" style=\"padding-left: 40px;\" data-block=\"true\" data-editor=\"66r0n\" data-offset-key=\"34uc6-0-0\">\n<div class=\"_1mf _1mj\" style=\"padding-left: 40px;\" data-offset-key=\"34uc6-0-0\"><span data-offset-key=\"34uc6-0-0\">Wi\u0119cej informacji na <a href=\"https:\/\/linkprotect.cudasvc.com\/url?a=https%3a%2f%2fwww.gov.pl%2fweb%2figf2021%2fdroga-do-igf-2021---konferencja-etyka-w-technologii&amp;c=E,1,YllQN5Lhmac04EzA9mBpx4cSxxzcuiHKRUkurG430TjYBee03hiQowPTNRqnNU1gZZSqsTQ6BGhVWrx60cr6b-YC6cSSMdri9UcblEJKk3LP021iug,,&amp;typo=1\">gov.pl\u00a0<\/a><\/span><\/div>\n<\/div>\n","protected":false},"excerpt":{"rendered":"<p>Serdecznie zapraszamy do wzi\u0119cia udzia\u0142u w webinarium przeznaczonym dla m\u0142odego pokolenia, pt. &#8220;Etyka w technologii i Internecie&#8221;, organizowanego w ramach Szczytu Cyfrowego ONZ, kt\u00f3re odb\u0119dzie si\u0119 31 maja 2021 r. w g. 15-17. \u00a0 Dowiecie si\u0119 mi\u0119dzy innymi: \u00a0 * Co na temat sztucznej inteligencji my\u015bl\u0105 doradca rz\u0105du egipskiego, polski doradca OECD i minister Piotr&#8230;<\/p>\n","protected":false},"author":4,"featured_media":10079,"comment_status":"closed","ping_status":"closed","sticky":false,"template":"","format":"standard","meta":{"_acf_changed":false,"_s2mail":"","footnotes":""},"categories":[1],"tags":[],"class_list":["post-10082","post","type-post","status-publish","format-standard","has-post-thumbnail","hentry","category-bez-kategorii"],"acf":[],"_links":{"self":[{"href":"https:\/\/lo6.szczecin.pl\/index.php\/wp-json\/wp\/v2\/posts\/10082","targetHints":{"allow":["GET"]}}],"collection":[{"href":"https:\/\/lo6.szczecin.pl\/index.php\/wp-json\/wp\/v2\/posts"}],"about":[{"href":"https:\/\/lo6.szczecin.pl\/index.php\/wp-json\/wp\/v2\/types\/post"}],"author":[{"embeddable":true,"href":"https:\/\/lo6.szczecin.pl\/index.php\/wp-json\/wp\/v2\/users\/4"}],"replies":[{"embeddable":true,"href":"https:\/\/lo6.szczecin.pl\/index.php\/wp-json\/wp\/v2\/comments?post=10082"}],"version-history":[{"count":2,"href":"https:\/\/lo6.szczecin.pl\/index.php\/wp-json\/wp\/v2\/posts\/10082\/revisions"}],"predecessor-version":[{"id":10084,"href":"https:\/\/lo6.szczecin.pl\/index.php\/wp-json\/wp\/v2\/posts\/10082\/revisions\/10084"}],"wp:featuredmedia":[{"embeddable":true,"href":"https:\/\/lo6.szczecin.pl\/index.php\/wp-json\/wp\/v2\/media\/10079"}],"wp:attachment":[{"href":"https:\/\/lo6.szczecin.pl\/index.php\/wp-json\/wp\/v2\/media?parent=10082"}],"wp:term":[{"taxonomy":"category","embeddable":true,"href":"https:\/\/lo6.szczecin.pl\/index.php\/wp-json\/wp\/v2\/categories?post=10082"},{"taxonomy":"post_tag","embeddable":true,"href":"https:\/\/lo6.szczecin.pl\/index.php\/wp-json\/wp\/v2\/tags?post=10082"}],"curies":[{"name":"wp","href":"https:\/\/api.w.org\/{rel}","templated":true}]}}