{"id":10052,"date":"2021-05-18T11:51:42","date_gmt":"2021-05-18T09:51:42","guid":{"rendered":"https:\/\/lo6.szczecin.pl\/?p=10052"},"modified":"2021-05-18T12:04:48","modified_gmt":"2021-05-18T10:04:48","slug":"zebrania-z-rodzicami-20","status":"publish","type":"post","link":"https:\/\/lo6.szczecin.pl\/index.php\/2021\/05\/18\/zebrania-z-rodzicami-20\/","title":{"rendered":"Zebrania z Rodzicami"},"content":{"rendered":"<p style=\"padding-left: 40px;\">Zapraszamy wszystkich Rodzic\u00f3w do udzia\u0142u w ostatnich tegorocznych zebraniach.<\/p>\n<p style=\"padding-left: 40px;\">Zebrania podobnie do poprzednich spotka\u0144 b\u0119d\u0105 mia\u0142y form\u0119 zdaln\u0105 na kontach uczni\u00f3w na platformie MS Teams.<\/p>\n<p style=\"padding-left: 40px;\"><strong>20 maja 2020 r., godz. 17.00 &#8211;<\/strong>\u00a0klasy II: przewidywane oceny roczne z przedmiot\u00f3w i zachowania, zagro\u017cenia ocenami niedostatecznymi,<\/p>\n<p style=\"padding-left: 40px;\"><strong>20 maja 2020 r., godz. 18.00 &#8211;<\/strong>\u00a0klasy I: przewidywane oceny roczne z przedmiot\u00f3w i zachowania, zagro\u017cenia ocenami niedostatecznymi.<\/p>\n","protected":false},"excerpt":{"rendered":"<p>Zapraszamy wszystkich Rodzic\u00f3w do udzia\u0142u w ostatnich tegorocznych zebraniach. Zebrania podobnie do poprzednich spotka\u0144 b\u0119d\u0105 mia\u0142y form\u0119 zdaln\u0105 na kontach uczni\u00f3w na platformie MS Teams. 20 maja 2020 r., godz. 17.00 &#8211;\u00a0klasy II: przewidywane oceny roczne z przedmiot\u00f3w i zachowania, zagro\u017cenia ocenami niedostatecznymi, 20 maja 2020 r., godz. 18.00 &#8211;\u00a0klasy I: przewidywane oceny roczne z&#8230;<\/p>\n","protected":false},"author":4,"featured_media":0,"comment_status":"closed","ping_status":"closed","sticky":false,"template":"","format":"gallery","meta":{"_acf_changed":false,"_s2mail":"","footnotes":""},"categories":[1],"tags":[],"class_list":["post-10052","post","type-post","status-publish","format-gallery","hentry","category-bez-kategorii","post_format-post-format-gallery"],"acf":[],"_links":{"self":[{"href":"https:\/\/lo6.szczecin.pl\/index.php\/wp-json\/wp\/v2\/posts\/10052","targetHints":{"allow":["GET"]}}],"collection":[{"href":"https:\/\/lo6.szczecin.pl\/index.php\/wp-json\/wp\/v2\/posts"}],"about":[{"href":"https:\/\/lo6.szczecin.pl\/index.php\/wp-json\/wp\/v2\/types\/post"}],"author":[{"embeddable":true,"href":"https:\/\/lo6.szczecin.pl\/index.php\/wp-json\/wp\/v2\/users\/4"}],"replies":[{"embeddable":true,"href":"https:\/\/lo6.szczecin.pl\/index.php\/wp-json\/wp\/v2\/comments?post=10052"}],"version-history":[{"count":3,"href":"https:\/\/lo6.szczecin.pl\/index.php\/wp-json\/wp\/v2\/posts\/10052\/revisions"}],"predecessor-version":[{"id":10055,"href":"https:\/\/lo6.szczecin.pl\/index.php\/wp-json\/wp\/v2\/posts\/10052\/revisions\/10055"}],"wp:attachment":[{"href":"https:\/\/lo6.szczecin.pl\/index.php\/wp-json\/wp\/v2\/media?parent=10052"}],"wp:term":[{"taxonomy":"category","embeddable":true,"href":"https:\/\/lo6.szczecin.pl\/index.php\/wp-json\/wp\/v2\/categories?post=10052"},{"taxonomy":"post_tag","embeddable":true,"href":"https:\/\/lo6.szczecin.pl\/index.php\/wp-json\/wp\/v2\/tags?post=10052"}],"curies":[{"name":"wp","href":"https:\/\/api.w.org\/{rel}","templated":true}]}}