{"id":10033,"date":"2021-05-14T11:41:48","date_gmt":"2021-05-14T09:41:48","guid":{"rendered":"https:\/\/lo6.szczecin.pl\/?p=10033"},"modified":"2021-05-14T12:32:55","modified_gmt":"2021-05-14T10:32:55","slug":"bezpieczny-powrot-do-szkoly-2","status":"publish","type":"post","link":"https:\/\/lo6.szczecin.pl\/index.php\/2021\/05\/14\/bezpieczny-powrot-do-szkoly-2\/","title":{"rendered":"Bezpieczny powr\u00f3t do szko\u0142y"},"content":{"rendered":"<table style=\"width: 96.2815%; height: 1017px;\">\n<tbody>\n<tr>\n<td>\n<p style=\"padding-left: 40px; text-align: right;\"><span style=\"color: #000080;\"><em>Ten, kto wraca, jest zawsze kim\u015b innym ni\u017c ten, kt\u00f3ry odszed\u0142<\/em> (Leena Krohn), <\/span><\/p>\n<p style=\"padding-left: 40px; text-align: right;\"><span style=\"color: #000080;\">ale to wcale nie znaczy, \u017ce nie warto si\u0119 spotka\u0107. <\/span><\/p>\n<p style=\"padding-left: 40px; text-align: right;\"><span style=\"color: #000080;\">Mo\u017ce to w\u0142a\u015bnie ten moment, by zacz\u0105\u0107 od pocz\u0105tku i pozna\u0107 si\u0119 na nowo \ud83d\ude42<\/span><\/p>\n<p style=\"padding-left: 40px;\"><img loading=\"lazy\" decoding=\"async\" class=\"aligncenter size-large wp-image-10042\" src=\"https:\/\/lo6.szczecin.pl\/wp-content\/uploads\/2021\/05\/zjd-lo6-1024x111.jpg\" alt=\"\" width=\"1024\" height=\"111\" srcset=\"https:\/\/lo6.szczecin.pl\/wp-content\/uploads\/2021\/05\/zjd-lo6-1024x111.jpg 1024w, https:\/\/lo6.szczecin.pl\/wp-content\/uploads\/2021\/05\/zjd-lo6-300x33.jpg 300w, https:\/\/lo6.szczecin.pl\/wp-content\/uploads\/2021\/05\/zjd-lo6-768x83.jpg 768w, https:\/\/lo6.szczecin.pl\/wp-content\/uploads\/2021\/05\/zjd-lo6-1536x167.jpg 1536w, https:\/\/lo6.szczecin.pl\/wp-content\/uploads\/2021\/05\/zjd-lo6.jpg 1620w\" sizes=\"auto, (max-width: 1024px) 100vw, 1024px\" \/><\/p>\n<p style=\"padding-left: 40px;\">Drodzy Uczniowie<\/p>\n<p style=\"padding-left: 40px;\">17 maja 2021 r. wracamy do \u015bwiata edukacji stacjonarnej to niema\u0142e wyzwanie dla nas wszystkich.<\/p>\n<p style=\"padding-left: 40px;\">Pierwsze dwa tygodnie to dni edukacji hybrydowej, kt\u00f3re zosta\u0142y przez nas zaplanowane wg <a href=\"https:\/\/lo6.szczecin.pl\/wp-content\/uploads\/2021\/05\/Nauczanie_hybrydowe_i_stacjonarne_w_VI_LO___17_maja_2021-1.pdf\">harmonogramu<\/a> przes\u0142anego Wam komunikatorem Librus dnia 10 maja 2021 r.<\/p>\n<p style=\"padding-left: 40px;\">Prosimy Was wszystkich o spokojne zapoznanie si\u0119 <a href=\"https:\/\/lo6.szczecin.pl\/wp-content\/uploads\/2021\/05\/Wytyczne_MEiN_MZ_i_GIS_dla_szkol_podstawowych_i_ponadpodstawowych-VI-LO.pdf\">wytycznymi GIS, MEiN, MZ i VILO<\/a>.<\/p>\n<p style=\"padding-left: 40px;\">Postaramy si\u0119 aby Wasz powr\u00f3t do &#8220;troch\u0119 innej&#8221; szko\u0142y by\u0142 zwi\u0105zany z poczuciem bezpiecze\u0144stwa, przynale\u017cno\u015bci i odbudow\u0105 relacji r\u00f3wie\u015bniczych, wspieraj\u0105cych proces uczenia si\u0119.<\/p>\n<p>&nbsp;<\/p>\n<p style=\"padding-left: 40px;\">Pami\u0119tajcie r\u00f3wnie\u017c o r\u00f3\u017cnych mo\u017cliwo\u015bciach skorzystania z pomocy, je\u015bli nie radzicie sobie z now\u0105 sytuacj\u0105, spr\u00f3bujcie porozmawia\u0107 o Waszych emocjach z rodzicami, r\u00f3wie\u015bnikami, wychowawc\u0105, pedagogiem szkolnym lub skorzystajcie z telefon zaufania dla dzieci i m\u0142odzie\u017cy 116 111.<\/p>\n<p style=\"padding-left: 40px;\"><img loading=\"lazy\" decoding=\"async\" class=\"aligncenter wp-image-10038 size-large\" src=\"https:\/\/lo6.szczecin.pl\/wp-content\/uploads\/2021\/05\/VILO-1024x460.jpg\" alt=\"\" width=\"1024\" height=\"460\" srcset=\"https:\/\/lo6.szczecin.pl\/wp-content\/uploads\/2021\/05\/VILO-1024x460.jpg 1024w, https:\/\/lo6.szczecin.pl\/wp-content\/uploads\/2021\/05\/VILO-300x135.jpg 300w, https:\/\/lo6.szczecin.pl\/wp-content\/uploads\/2021\/05\/VILO-768x345.jpg 768w, https:\/\/lo6.szczecin.pl\/wp-content\/uploads\/2021\/05\/VILO-1536x690.jpg 1536w, https:\/\/lo6.szczecin.pl\/wp-content\/uploads\/2021\/05\/VILO.jpg 1815w\" sizes=\"auto, (max-width: 1024px) 100vw, 1024px\" \/><\/p>\n<\/td>\n<\/tr>\n<\/tbody>\n<\/table>\n","protected":false},"excerpt":{"rendered":"<p>Ten, kto wraca, jest zawsze kim\u015b innym ni\u017c ten, kt\u00f3ry odszed\u0142 (Leena Krohn), ale to wcale nie znaczy, \u017ce nie warto si\u0119 spotka\u0107. Mo\u017ce to w\u0142a\u015bnie ten moment, by zacz\u0105\u0107 od pocz\u0105tku i pozna\u0107 si\u0119 na nowo \ud83d\ude42 Drodzy Uczniowie 17 maja 2021 r. wracamy do \u015bwiata edukacji stacjonarnej to niema\u0142e wyzwanie dla nas wszystkich&#8230;.<\/p>\n","protected":false},"author":4,"featured_media":10037,"comment_status":"closed","ping_status":"closed","sticky":false,"template":"","format":"gallery","meta":{"_acf_changed":false,"_s2mail":"","footnotes":""},"categories":[1],"tags":[],"class_list":["post-10033","post","type-post","status-publish","format-gallery","has-post-thumbnail","hentry","category-bez-kategorii","post_format-post-format-gallery"],"acf":[],"_links":{"self":[{"href":"https:\/\/lo6.szczecin.pl\/index.php\/wp-json\/wp\/v2\/posts\/10033","targetHints":{"allow":["GET"]}}],"collection":[{"href":"https:\/\/lo6.szczecin.pl\/index.php\/wp-json\/wp\/v2\/posts"}],"about":[{"href":"https:\/\/lo6.szczecin.pl\/index.php\/wp-json\/wp\/v2\/types\/post"}],"author":[{"embeddable":true,"href":"https:\/\/lo6.szczecin.pl\/index.php\/wp-json\/wp\/v2\/users\/4"}],"replies":[{"embeddable":true,"href":"https:\/\/lo6.szczecin.pl\/index.php\/wp-json\/wp\/v2\/comments?post=10033"}],"version-history":[{"count":3,"href":"https:\/\/lo6.szczecin.pl\/index.php\/wp-json\/wp\/v2\/posts\/10033\/revisions"}],"predecessor-version":[{"id":10043,"href":"https:\/\/lo6.szczecin.pl\/index.php\/wp-json\/wp\/v2\/posts\/10033\/revisions\/10043"}],"wp:featuredmedia":[{"embeddable":true,"href":"https:\/\/lo6.szczecin.pl\/index.php\/wp-json\/wp\/v2\/media\/10037"}],"wp:attachment":[{"href":"https:\/\/lo6.szczecin.pl\/index.php\/wp-json\/wp\/v2\/media?parent=10033"}],"wp:term":[{"taxonomy":"category","embeddable":true,"href":"https:\/\/lo6.szczecin.pl\/index.php\/wp-json\/wp\/v2\/categories?post=10033"},{"taxonomy":"post_tag","embeddable":true,"href":"https:\/\/lo6.szczecin.pl\/index.php\/wp-json\/wp\/v2\/tags?post=10033"}],"curies":[{"name":"wp","href":"https:\/\/api.w.org\/{rel}","templated":true}]}}