{"id":10014,"date":"2021-05-04T15:27:43","date_gmt":"2021-05-04T13:27:43","guid":{"rendered":"https:\/\/lo6.szczecin.pl\/?p=10014"},"modified":"2021-05-04T15:41:16","modified_gmt":"2021-05-04T13:41:16","slug":"film-z-uroczystosci-zakonczenia-iii-klas","status":"publish","type":"post","link":"https:\/\/lo6.szczecin.pl\/index.php\/2021\/05\/04\/film-z-uroczystosci-zakonczenia-iii-klas\/","title":{"rendered":"Film z uroczysto\u015bci zako\u0144czenia III klas"},"content":{"rendered":"<p style=\"padding-left: 40px; text-align: left;\">Filmowa relacja z uroczysto\u015bci zako\u0144czenia roku klas III. W reporta\u017cu wr\u0119czenie nagr\u00f3d, wyr\u00f3\u017cnie\u0144 oraz kr\u00f3tkie wywiady z uczniami i wychowawczyniami.\u00a0 A tak\u017ce muzyczna niespodzianka!<\/p>\n<p style=\"padding-left: 40px; text-align: center;\"><iframe loading=\"lazy\" src=\"\/\/www.youtube.com\/embed\/RDzrf0dKZqE\" width=\"800\" height=\"448\" allowfullscreen=\"allowfullscreen\"><span data-mce-type=\"bookmark\" style=\"display: inline-block; width: 0px; overflow: hidden; line-height: 0;\" class=\"mce_SELRES_start\">?<\/span><\/iframe><\/p>\n<p>&nbsp;<\/p>\n","protected":false},"excerpt":{"rendered":"<p>Filmowa relacja z uroczysto\u015bci zako\u0144czenia roku klas III. W reporta\u017cu wr\u0119czenie nagr\u00f3d, wyr\u00f3\u017cnie\u0144 oraz kr\u00f3tkie wywiady z uczniami i wychowawczyniami.\u00a0 A tak\u017ce muzyczna niespodzianka! ? &nbsp;<\/p>\n","protected":false},"author":3,"featured_media":10017,"comment_status":"closed","ping_status":"closed","sticky":false,"template":"","format":"standard","meta":{"_acf_changed":false,"_s2mail":"","footnotes":""},"categories":[1],"tags":[],"class_list":["post-10014","post","type-post","status-publish","format-standard","has-post-thumbnail","hentry","category-bez-kategorii"],"acf":[],"_links":{"self":[{"href":"https:\/\/lo6.szczecin.pl\/index.php\/wp-json\/wp\/v2\/posts\/10014","targetHints":{"allow":["GET"]}}],"collection":[{"href":"https:\/\/lo6.szczecin.pl\/index.php\/wp-json\/wp\/v2\/posts"}],"about":[{"href":"https:\/\/lo6.szczecin.pl\/index.php\/wp-json\/wp\/v2\/types\/post"}],"author":[{"embeddable":true,"href":"https:\/\/lo6.szczecin.pl\/index.php\/wp-json\/wp\/v2\/users\/3"}],"replies":[{"embeddable":true,"href":"https:\/\/lo6.szczecin.pl\/index.php\/wp-json\/wp\/v2\/comments?post=10014"}],"version-history":[{"count":2,"href":"https:\/\/lo6.szczecin.pl\/index.php\/wp-json\/wp\/v2\/posts\/10014\/revisions"}],"predecessor-version":[{"id":10016,"href":"https:\/\/lo6.szczecin.pl\/index.php\/wp-json\/wp\/v2\/posts\/10014\/revisions\/10016"}],"wp:featuredmedia":[{"embeddable":true,"href":"https:\/\/lo6.szczecin.pl\/index.php\/wp-json\/wp\/v2\/media\/10017"}],"wp:attachment":[{"href":"https:\/\/lo6.szczecin.pl\/index.php\/wp-json\/wp\/v2\/media?parent=10014"}],"wp:term":[{"taxonomy":"category","embeddable":true,"href":"https:\/\/lo6.szczecin.pl\/index.php\/wp-json\/wp\/v2\/categories?post=10014"},{"taxonomy":"post_tag","embeddable":true,"href":"https:\/\/lo6.szczecin.pl\/index.php\/wp-json\/wp\/v2\/tags?post=10014"}],"curies":[{"name":"wp","href":"https:\/\/api.w.org\/{rel}","templated":true}]}}